{"id":6288,"date":"2015-07-17T14:02:15","date_gmt":"2015-07-17T14:02:15","guid":{"rendered":""},"modified":"2015-07-17T14:02:15","modified_gmt":"2015-07-17T14:02:15","slug":"autoridades-de-salud-requiere-la-intervencion-comunitaria-contra-el-dengue","status":"publish","type":"post","link":"https:\/\/sertv.gob.pa\/nacionalfm\/autoridades-de-salud-requiere-la-intervencion-comunitaria-contra-el-dengue\/","title":{"rendered":"MINSA  requiere la intervenci\u00f3n comunitaria contra el Dengue"},"content":{"rendered":"<p>\nRecientemente fue celebrada la reuni\u00f3n de EGI-Dengue\/Chikungunya en la Sala de Situaci\u00f3n del Departamento de Epidemiolog\u00eda del Ministerio de Salud (MINSA), con el objetivo de prevenir enfermedades y ante el brote de dengue, reportado reciente\u00a0en Las Garzas de Pacora. <\/p>\n<p>En esta reuni\u00f3n la cual estuvo encabezada por la Directora General de Salud, Itza Barahona de Mosca, se evidenci\u00f3 que se requiere fortalecer la intervenci\u00f3n\u00a0 comunitaria, es decir, que la comunidad se empodere y reconozca que el control del dengue est\u00e1 en manos de la poblaci\u00f3n, por lo que se concluy\u00f3 que deben evitarse los criaderos del Mosquito Aedes aegypti y los\u00a0dep\u00f3sitos de agua, que son los que mantienen los casos de brote de dengue en Las Garzas de Pacora. <\/p>\n<p>Adem\u00e1s de esta, la otra estrategia que se intenta reforzar es la participaci\u00f3n intersectorial en donde el Ministerio de Educaci\u00f3n (MEDUCA) fortalezca los mensajes en los ni\u00f1os; que el Ministerio de Obras P\u00fablicas (MOP) mejore el drenaje de las aguas; que la Autoridad de Aseso Urbano y Domiciliario (AAUD), mejore la recolecci\u00f3n de la basura y tambi\u00e9n se trabajar\u00e1 con la Contralor\u00eda General de la Rep\u00fablica, para fortalecer los descartes de las chatarras de todo el sector p\u00fablico. <\/p>\n<p>Sobre el particular, la Dra. Itza Barahona de Mosca aprovech\u00f3 para recordar a la poblaci\u00f3n que ante los s\u00edntomas de dengue, fiebre, dolor en los huesos, malestar general, busquen atenci\u00f3n m\u00e9dica.\u00a0 Expres\u00f3 que la atenci\u00f3n en los Centros de Salud es gratis cuando hay sospecha de dengue y que el seguimiento, la prueba de dengue y el hemograma de control son gratis, pero que es importante que la poblaci\u00f3n\u00a0cumpla con el seguimiento. <\/p>\n<p>De igual modo advirti\u00f3, que una de las quejas es que los afectados no asisten a tomarse las muestras y no acuden a tiempo, sino que frecuentan los puestos de salud cuando est\u00e1n m\u00e1s enfermos. Adicion\u00f3, que el dengue se previene desde un principio con una buena hidrataci\u00f3n y un seguimiento m\u00e9dico. <\/p>\n<p>Durante el desarrollo de esta reuni\u00f3n EGI-Dengue\/Chikimgunya participaron funcionarios de las Direcciones Metropolitana de Salud, Promoci\u00f3n, Provisi\u00f3n, Comunicaci\u00f3n Social Institucional, los Departamentos de Control de Vectores, el Sistema\u00a0 Institucional de Salud para Emergencias y\u00a0 Desastres (SISED), Gesti\u00f3n de Laboratorios, los Programas de Salud Sexual y Reproductiva, Ni\u00f1ez y Adolescencia, el Programa de Adulto y Adulto Mayor y del Laboratorio Central de Referencia en Salud P\u00fablica del Instituto Conmemorativo Gorgas de Estudios de la Salud (ICGES), por mencionar algunos. <\/p>\n","protected":false},"excerpt":{"rendered":"<p>Recientemente fue celebrada la reuni\u00f3n de EGI-Dengue\/Chikungunya en la Sala <a href=\"https:\/\/sertv.gob.pa\/nacionalfm\/autoridades-de-salud-requiere-la-intervencion-comunitaria-contra-el-dengue\/\"> [&#8230;]<\/a><\/p>\n","protected":false},"author":1,"featured_media":6289,"comment_status":"closed","ping_status":"closed","sticky":false,"template":"","format":"standard","meta":{"footnotes":""},"categories":[5],"tags":[],"class_list":["post-6288","post","type-post","status-publish","format-standard","has-post-thumbnail","hentry","category-salud"],"_links":{"self":[{"href":"https:\/\/sertv.gob.pa\/nacionalfm\/wp-json\/wp\/v2\/posts\/6288","targetHints":{"allow":["GET"]}}],"collection":[{"href":"https:\/\/sertv.gob.pa\/nacionalfm\/wp-json\/wp\/v2\/posts"}],"about":[{"href":"https:\/\/sertv.gob.pa\/nacionalfm\/wp-json\/wp\/v2\/types\/post"}],"author":[{"embeddable":true,"href":"https:\/\/sertv.gob.pa\/nacionalfm\/wp-json\/wp\/v2\/users\/1"}],"replies":[{"embeddable":true,"href":"https:\/\/sertv.gob.pa\/nacionalfm\/wp-json\/wp\/v2\/comments?post=6288"}],"version-history":[{"count":0,"href":"https:\/\/sertv.gob.pa\/nacionalfm\/wp-json\/wp\/v2\/posts\/6288\/revisions"}],"wp:featuredmedia":[{"embeddable":true,"href":"https:\/\/sertv.gob.pa\/nacionalfm\/wp-json\/wp\/v2\/media\/6289"}],"wp:attachment":[{"href":"https:\/\/sertv.gob.pa\/nacionalfm\/wp-json\/wp\/v2\/media?parent=6288"}],"wp:term":[{"taxonomy":"category","embeddable":true,"href":"https:\/\/sertv.gob.pa\/nacionalfm\/wp-json\/wp\/v2\/categories?post=6288"},{"taxonomy":"post_tag","embeddable":true,"href":"https:\/\/sertv.gob.pa\/nacionalfm\/wp-json\/wp\/v2\/tags?post=6288"}],"curies":[{"name":"wp","href":"https:\/\/api.w.org\/{rel}","templated":true}]}}