{"id":6292,"date":"2015-07-17T15:00:10","date_gmt":"2015-07-17T15:00:10","guid":{"rendered":""},"modified":"2015-07-17T15:00:10","modified_gmt":"2015-07-17T15:00:10","slug":"css-realiza-capacitacion-interprogramatica","status":"publish","type":"post","link":"https:\/\/sertv.gob.pa\/nacionalfm\/css-realiza-capacitacion-interprogramatica\/","title":{"rendered":"CSS realiza Capacitaci\u00f3n Interprogram\u00e1tica"},"content":{"rendered":"<p>\nRecientemente, con la finalidad de coordinar y establecer l\u00edneas de trabajo, el departamento nacional de Docencia e Investigaci\u00f3n llev\u00f3 a cabo una capacitaci\u00f3n interprogram\u00e1tica, mediante la cual se evalu\u00f3 su plan operativo anual y otras actividades proyectadas para el presente a\u00f1o. <\/p>\n<p>De esta manera, cerca de 50 coordinadores de docencia de los programas de salud de la Caja de Seguro Social a nivel nacional, que participaron en esta actividad, fueron instruidos en lo que se trata\u00a0 a los aspectos del nuevo organigrama de este departamento, manejo adecuado de las partidas presupuestarias, procedimiento y tr\u00e1mite de licencias, becas y subsidios, entre otros. <\/p>\n<p>Cabe subrayar, que el sector salud tiene la responsabilidad de mantener una actividad docente continua que permita a sus profesionales actualizarse en los avances conceptuales y tecnol\u00f3gicos que surtan en el panorama mundial de la medicina, con ello, tener la capacidad de respuesta ante los problemas de salud o enfermedades que se presenten en la poblaci\u00f3n asegurada. <\/p>\n<p>\u00a0 <\/p>\n","protected":false},"excerpt":{"rendered":"<p>Recientemente, con la finalidad de coordinar y establecer l\u00edneas de <a href=\"https:\/\/sertv.gob.pa\/nacionalfm\/css-realiza-capacitacion-interprogramatica\/\"> [&#8230;]<\/a><\/p>\n","protected":false},"author":1,"featured_media":6293,"comment_status":"closed","ping_status":"closed","sticky":false,"template":"","format":"standard","meta":{"footnotes":""},"categories":[5],"tags":[],"class_list":["post-6292","post","type-post","status-publish","format-standard","has-post-thumbnail","hentry","category-salud"],"_links":{"self":[{"href":"https:\/\/sertv.gob.pa\/nacionalfm\/wp-json\/wp\/v2\/posts\/6292","targetHints":{"allow":["GET"]}}],"collection":[{"href":"https:\/\/sertv.gob.pa\/nacionalfm\/wp-json\/wp\/v2\/posts"}],"about":[{"href":"https:\/\/sertv.gob.pa\/nacionalfm\/wp-json\/wp\/v2\/types\/post"}],"author":[{"embeddable":true,"href":"https:\/\/sertv.gob.pa\/nacionalfm\/wp-json\/wp\/v2\/users\/1"}],"replies":[{"embeddable":true,"href":"https:\/\/sertv.gob.pa\/nacionalfm\/wp-json\/wp\/v2\/comments?post=6292"}],"version-history":[{"count":0,"href":"https:\/\/sertv.gob.pa\/nacionalfm\/wp-json\/wp\/v2\/posts\/6292\/revisions"}],"wp:featuredmedia":[{"embeddable":true,"href":"https:\/\/sertv.gob.pa\/nacionalfm\/wp-json\/wp\/v2\/media\/6293"}],"wp:attachment":[{"href":"https:\/\/sertv.gob.pa\/nacionalfm\/wp-json\/wp\/v2\/media?parent=6292"}],"wp:term":[{"taxonomy":"category","embeddable":true,"href":"https:\/\/sertv.gob.pa\/nacionalfm\/wp-json\/wp\/v2\/categories?post=6292"},{"taxonomy":"post_tag","embeddable":true,"href":"https:\/\/sertv.gob.pa\/nacionalfm\/wp-json\/wp\/v2\/tags?post=6292"}],"curies":[{"name":"wp","href":"https:\/\/api.w.org\/{rel}","templated":true}]}}