{"id":6298,"date":"2015-07-17T15:33:38","date_gmt":"2015-07-17T15:33:38","guid":{"rendered":""},"modified":"2015-07-17T15:33:38","modified_gmt":"2015-07-17T15:33:38","slug":"css-efectua-simposio-para-el-autocuidado-de-enfermedades-no-transmisibles","status":"publish","type":"post","link":"https:\/\/sertv.gob.pa\/nacionalfm\/css-efectua-simposio-para-el-autocuidado-de-enfermedades-no-transmisibles\/","title":{"rendered":"CSS efect\u00faa Simposio para el Autocuidado de enfermedades no transmisibles"},"content":{"rendered":"<p>\nEn fecha reciente, representantes de la Coordinaci\u00f3n de Enfermer\u00eda Provincial de Panam\u00e1 Oeste, con el prop\u00f3sito de ofrecer conocimientos b\u00e1sicos y espec\u00edficos sobre el autocuidado y manejo de las enfermedades cr\u00f3nicas no transmisibles, llevaron a la practica un Simposio al personal de salud. <\/p>\n<p>Durante el desarrollo del mismo, algunos de los temas que se trataron estuvieron: Estad\u00edsticas de salud sobre enfermedades cr\u00f3nicas no transmisibles, dictado por la Dra. Charleen C\u00e1ceres; El autocuidado en el manejo adecuado de las enfermedades cr\u00f3nica no transmisibles, por el Dr. H\u00e9ctor N\u00fa\u00f1ez; Generalidades del c\u00e1ncer de mama, por el Dr. Rafael S\u00e1nchez y la alimentaci\u00f3n y ejercicios para elevar la calidad de vida, por la Lcda. Doris Veces, adem\u00e1s de la presentaci\u00f3n del video sobre estilos de vida saludables. <\/p>\n","protected":false},"excerpt":{"rendered":"<p>En fecha reciente, representantes de la Coordinaci\u00f3n de Enfermer\u00eda Provincial <a href=\"https:\/\/sertv.gob.pa\/nacionalfm\/css-efectua-simposio-para-el-autocuidado-de-enfermedades-no-transmisibles\/\"> [&#8230;]<\/a><\/p>\n","protected":false},"author":1,"featured_media":6299,"comment_status":"closed","ping_status":"closed","sticky":false,"template":"","format":"standard","meta":{"footnotes":""},"categories":[5],"tags":[],"class_list":["post-6298","post","type-post","status-publish","format-standard","has-post-thumbnail","hentry","category-salud"],"_links":{"self":[{"href":"https:\/\/sertv.gob.pa\/nacionalfm\/wp-json\/wp\/v2\/posts\/6298","targetHints":{"allow":["GET"]}}],"collection":[{"href":"https:\/\/sertv.gob.pa\/nacionalfm\/wp-json\/wp\/v2\/posts"}],"about":[{"href":"https:\/\/sertv.gob.pa\/nacionalfm\/wp-json\/wp\/v2\/types\/post"}],"author":[{"embeddable":true,"href":"https:\/\/sertv.gob.pa\/nacionalfm\/wp-json\/wp\/v2\/users\/1"}],"replies":[{"embeddable":true,"href":"https:\/\/sertv.gob.pa\/nacionalfm\/wp-json\/wp\/v2\/comments?post=6298"}],"version-history":[{"count":0,"href":"https:\/\/sertv.gob.pa\/nacionalfm\/wp-json\/wp\/v2\/posts\/6298\/revisions"}],"wp:featuredmedia":[{"embeddable":true,"href":"https:\/\/sertv.gob.pa\/nacionalfm\/wp-json\/wp\/v2\/media\/6299"}],"wp:attachment":[{"href":"https:\/\/sertv.gob.pa\/nacionalfm\/wp-json\/wp\/v2\/media?parent=6298"}],"wp:term":[{"taxonomy":"category","embeddable":true,"href":"https:\/\/sertv.gob.pa\/nacionalfm\/wp-json\/wp\/v2\/categories?post=6298"},{"taxonomy":"post_tag","embeddable":true,"href":"https:\/\/sertv.gob.pa\/nacionalfm\/wp-json\/wp\/v2\/tags?post=6298"}],"curies":[{"name":"wp","href":"https:\/\/api.w.org\/{rel}","templated":true}]}}