{"id":6306,"date":"2015-07-18T15:09:04","date_gmt":"2015-07-18T15:09:04","guid":{"rendered":""},"modified":"2015-07-18T15:09:04","modified_gmt":"2015-07-18T15:09:04","slug":"nueva-camara-sonoamortiguadora-posee-la-css-en-san-carlos","status":"publish","type":"post","link":"https:\/\/sertv.gob.pa\/nacionalfm\/nueva-camara-sonoamortiguadora-posee-la-css-en-san-carlos\/","title":{"rendered":"Nueva C\u00e1mara Sonoamortiguadora, posee la CSS en San Carlos"},"content":{"rendered":"<p>\nAl presente, una serie de pruebas tales como: Tamizaje Auditivo a lactantes y la detecci\u00f3n de posibles p\u00e9rdidas auditivas a infantes podr\u00e1n practicarse con la c\u00e1mara sonoamortiguada, una de las pocas en su tipo a nivel nacional, con que cuenta la policl\u00ednica Dr. Juan Vega M\u00e9ndez de la Caja de Seguro Social, en San Carlos. <\/p>\n<p>Cabe resaltar, que esta c\u00e1mara a\u00edsla los ruidos externos que pudieran interferir con el resultado de los an\u00e1lisis y adem\u00e1s cuenta con dimensiones adecuadas para que el lactante pueda estar con su madre al momento de la prueba. <\/p>\n<p>Adem\u00e1s de estas, otras de las pruebas auditivas que promete este servicio de Fonoaudiolog\u00eda tanto a adultos como a ni\u00f1os son: impedanciometr\u00eda, emisiones otac\u00fasticas y audiometr\u00edas. <\/p>\n<p>Al mismo tiempo, de los ex\u00e1menes auditivos, fonoaudiolog\u00eda, esta unidad ejecutora detecta y corrige patolog\u00edas de la voz, habla, lenguaje y lecto escritura, detall\u00f3 la fonoaudi\u00f3loga a cargo de esta prestaci\u00f3n, Karol V\u00e1squez. <\/p>\n","protected":false},"excerpt":{"rendered":"<p>Al presente, una serie de pruebas tales como: Tamizaje Auditivo <a href=\"https:\/\/sertv.gob.pa\/nacionalfm\/nueva-camara-sonoamortiguadora-posee-la-css-en-san-carlos\/\"> [&#8230;]<\/a><\/p>\n","protected":false},"author":1,"featured_media":6307,"comment_status":"closed","ping_status":"closed","sticky":false,"template":"","format":"standard","meta":{"footnotes":""},"categories":[5],"tags":[],"class_list":["post-6306","post","type-post","status-publish","format-standard","has-post-thumbnail","hentry","category-salud"],"_links":{"self":[{"href":"https:\/\/sertv.gob.pa\/nacionalfm\/wp-json\/wp\/v2\/posts\/6306","targetHints":{"allow":["GET"]}}],"collection":[{"href":"https:\/\/sertv.gob.pa\/nacionalfm\/wp-json\/wp\/v2\/posts"}],"about":[{"href":"https:\/\/sertv.gob.pa\/nacionalfm\/wp-json\/wp\/v2\/types\/post"}],"author":[{"embeddable":true,"href":"https:\/\/sertv.gob.pa\/nacionalfm\/wp-json\/wp\/v2\/users\/1"}],"replies":[{"embeddable":true,"href":"https:\/\/sertv.gob.pa\/nacionalfm\/wp-json\/wp\/v2\/comments?post=6306"}],"version-history":[{"count":0,"href":"https:\/\/sertv.gob.pa\/nacionalfm\/wp-json\/wp\/v2\/posts\/6306\/revisions"}],"wp:featuredmedia":[{"embeddable":true,"href":"https:\/\/sertv.gob.pa\/nacionalfm\/wp-json\/wp\/v2\/media\/6307"}],"wp:attachment":[{"href":"https:\/\/sertv.gob.pa\/nacionalfm\/wp-json\/wp\/v2\/media?parent=6306"}],"wp:term":[{"taxonomy":"category","embeddable":true,"href":"https:\/\/sertv.gob.pa\/nacionalfm\/wp-json\/wp\/v2\/categories?post=6306"},{"taxonomy":"post_tag","embeddable":true,"href":"https:\/\/sertv.gob.pa\/nacionalfm\/wp-json\/wp\/v2\/tags?post=6306"}],"curies":[{"name":"wp","href":"https:\/\/api.w.org\/{rel}","templated":true}]}}