{"id":6312,"date":"2015-07-20T13:47:34","date_gmt":"2015-07-20T13:47:34","guid":{"rendered":""},"modified":"2015-07-20T13:47:34","modified_gmt":"2015-07-20T13:47:34","slug":"realizan-primer-censo-de-nascional-salud-en-pajonal-distrito-de-penonome","status":"publish","type":"post","link":"https:\/\/sertv.gob.pa\/nacionalfm\/realizan-primer-censo-de-nascional-salud-en-pajonal-distrito-de-penonome\/","title":{"rendered":"Realizan Primer Censo Nacional de Salud, en Pajonal, distrito de Penonom\u00e9"},"content":{"rendered":"<p>\nSeg\u00fan los primeros registros, en la actualidad, m\u00e1s del 40% de la poblaci\u00f3n atendida en el primer Censo Nacional de Salud Preventiva que se llev\u00f3 a la pr\u00e1ctica esta semana en el corregimiento de Pajonal, distrito de Penonom\u00e9, sufre de hipertensi\u00f3n arterial. <\/p>\n<p>De esta manera, las cuatro patolog\u00edas de mayor prevalencia son hipertensi\u00f3n, dislipidemia (acumulaci\u00f3n de grasas en la sangre), obesidad y diabetes. Sin embargo, tambi\u00e9n marca una cifra significativa la insuficiencia renal cr\u00f3nica. <\/p>\n<p>Cabe mencionar, que este hecho preocupa a las autoridades de salud por el marcado \u00edndice de casos que registra la enfermedad en la provincia de Cocl\u00e9. <\/p>\n<p>\u00a0 <\/p>\n","protected":false},"excerpt":{"rendered":"<p>Seg\u00fan los primeros registros, en la actualidad, m\u00e1s del 40% <a href=\"https:\/\/sertv.gob.pa\/nacionalfm\/realizan-primer-censo-de-nascional-salud-en-pajonal-distrito-de-penonome\/\"> [&#8230;]<\/a><\/p>\n","protected":false},"author":1,"featured_media":6313,"comment_status":"closed","ping_status":"closed","sticky":false,"template":"","format":"standard","meta":{"footnotes":""},"categories":[5],"tags":[],"class_list":["post-6312","post","type-post","status-publish","format-standard","has-post-thumbnail","hentry","category-salud"],"_links":{"self":[{"href":"https:\/\/sertv.gob.pa\/nacionalfm\/wp-json\/wp\/v2\/posts\/6312","targetHints":{"allow":["GET"]}}],"collection":[{"href":"https:\/\/sertv.gob.pa\/nacionalfm\/wp-json\/wp\/v2\/posts"}],"about":[{"href":"https:\/\/sertv.gob.pa\/nacionalfm\/wp-json\/wp\/v2\/types\/post"}],"author":[{"embeddable":true,"href":"https:\/\/sertv.gob.pa\/nacionalfm\/wp-json\/wp\/v2\/users\/1"}],"replies":[{"embeddable":true,"href":"https:\/\/sertv.gob.pa\/nacionalfm\/wp-json\/wp\/v2\/comments?post=6312"}],"version-history":[{"count":0,"href":"https:\/\/sertv.gob.pa\/nacionalfm\/wp-json\/wp\/v2\/posts\/6312\/revisions"}],"wp:featuredmedia":[{"embeddable":true,"href":"https:\/\/sertv.gob.pa\/nacionalfm\/wp-json\/wp\/v2\/media\/6313"}],"wp:attachment":[{"href":"https:\/\/sertv.gob.pa\/nacionalfm\/wp-json\/wp\/v2\/media?parent=6312"}],"wp:term":[{"taxonomy":"category","embeddable":true,"href":"https:\/\/sertv.gob.pa\/nacionalfm\/wp-json\/wp\/v2\/categories?post=6312"},{"taxonomy":"post_tag","embeddable":true,"href":"https:\/\/sertv.gob.pa\/nacionalfm\/wp-json\/wp\/v2\/tags?post=6312"}],"curies":[{"name":"wp","href":"https:\/\/api.w.org\/{rel}","templated":true}]}}