{"id":6338,"date":"2015-07-21T16:34:09","date_gmt":"2015-07-21T16:34:09","guid":{"rendered":""},"modified":"2015-07-21T16:34:09","modified_gmt":"2015-07-21T16:34:09","slug":"conferencia-por-cigarrillos-con-paquete-neutro","status":"publish","type":"post","link":"https:\/\/sertv.gob.pa\/nacionalfm\/conferencia-por-cigarrillos-con-paquete-neutro\/","title":{"rendered":"Conferencia por cigarrillos con paquete neutro"},"content":{"rendered":"<p>\nRepresentantes de 10 pa\u00edses est\u00e1n en Par\u00eds, Francia, para manifestar su apoyo a favor de los paquetes de cigarrillos neutros, sin logotipos y con im\u00e1genes impactantes. <\/p>\n<p>Conferencia ministerial internacional de lucha contra el tabaco es el nombre de la cita que tiene como objetivo &ldquo;un mundo sin tabaco&rdquo;. <\/p>\n<p>\u00a0 <\/p>\n","protected":false},"excerpt":{"rendered":"<p>Representantes de 10 pa\u00edses est\u00e1n en Par\u00eds, Francia, para manifestar <a href=\"https:\/\/sertv.gob.pa\/nacionalfm\/conferencia-por-cigarrillos-con-paquete-neutro\/\"> [&#8230;]<\/a><\/p>\n","protected":false},"author":1,"featured_media":6339,"comment_status":"closed","ping_status":"closed","sticky":false,"template":"","format":"standard","meta":{"footnotes":""},"categories":[5],"tags":[],"class_list":["post-6338","post","type-post","status-publish","format-standard","has-post-thumbnail","hentry","category-salud"],"_links":{"self":[{"href":"https:\/\/sertv.gob.pa\/nacionalfm\/wp-json\/wp\/v2\/posts\/6338","targetHints":{"allow":["GET"]}}],"collection":[{"href":"https:\/\/sertv.gob.pa\/nacionalfm\/wp-json\/wp\/v2\/posts"}],"about":[{"href":"https:\/\/sertv.gob.pa\/nacionalfm\/wp-json\/wp\/v2\/types\/post"}],"author":[{"embeddable":true,"href":"https:\/\/sertv.gob.pa\/nacionalfm\/wp-json\/wp\/v2\/users\/1"}],"replies":[{"embeddable":true,"href":"https:\/\/sertv.gob.pa\/nacionalfm\/wp-json\/wp\/v2\/comments?post=6338"}],"version-history":[{"count":0,"href":"https:\/\/sertv.gob.pa\/nacionalfm\/wp-json\/wp\/v2\/posts\/6338\/revisions"}],"wp:featuredmedia":[{"embeddable":true,"href":"https:\/\/sertv.gob.pa\/nacionalfm\/wp-json\/wp\/v2\/media\/6339"}],"wp:attachment":[{"href":"https:\/\/sertv.gob.pa\/nacionalfm\/wp-json\/wp\/v2\/media?parent=6338"}],"wp:term":[{"taxonomy":"category","embeddable":true,"href":"https:\/\/sertv.gob.pa\/nacionalfm\/wp-json\/wp\/v2\/categories?post=6338"},{"taxonomy":"post_tag","embeddable":true,"href":"https:\/\/sertv.gob.pa\/nacionalfm\/wp-json\/wp\/v2\/tags?post=6338"}],"curies":[{"name":"wp","href":"https:\/\/api.w.org\/{rel}","templated":true}]}}