{"id":6364,"date":"2015-07-22T16:40:43","date_gmt":"2015-07-22T16:40:43","guid":{"rendered":""},"modified":"2015-07-22T16:40:43","modified_gmt":"2015-07-22T16:40:43","slug":"tras-12-anos-sin-medicacion-adolescente-francesa-no-muestra-rastro-de-vih","status":"publish","type":"post","link":"https:\/\/sertv.gob.pa\/nacionalfm\/tras-12-anos-sin-medicacion-adolescente-francesa-no-muestra-rastro-de-vih\/","title":{"rendered":"Tras 12 a\u00f1os sin medicaci\u00f3n adolescente francesa no muestra rastro de VIH"},"content":{"rendered":"<p>\nEl Instituto Pasteur de Francia anunci\u00f3 en Vancouver, Canad\u00e1 que una adolescente infectada con el virus de la inmunodeficiencia humana (VIH), desde su nacimiento ha vivido los \u00faltimos 12 a\u00f1os sin medicarse y sin rastros de la infecci\u00f3n. <\/p>\n<p>La joven, que tiene 18 a\u00f1os, dej\u00f3 de tomar medicamentos antirretrovirales cuando ten\u00eda seis, explic\u00f3 en la reuni\u00f3n anual de la Sociedad Internacional del Sida, que se celebra en Vancouver, el cient\u00edfico espa\u00f1ol Asier S\u00e1ez Ciri\u00f3n, investigador del Instituto Pasteur. <\/p>\n<p>El Instituto Pasteur explic\u00f3 que el caso de la joven francesa muestra que \u00abse puede conseguir la remisi\u00f3n a largo plazo de la infecci\u00f3n VIH en un ni\u00f1o infectado durante el periodo prenatal despu\u00e9s de detener la terapia antirretroviral que empez\u00f3 en los primeros meses de vida\u00bb. <\/p>\n<p>Pero el director de la Agencia Nacional de Investigaci\u00f3n del Sida de Francia (ANRS, por sus siglas en franc\u00e9s), Jean Franois Delfraissy, advirti\u00f3 de que la adolescente no est\u00e1 curada. <\/p>\n<p>\u00abEsta remisi\u00f3n no puede ser igualada con una cura. Esta joven sigue infectada con VIH y es imposible predecir c\u00f3mo su salud cambiar\u00e1 con el tiempo. Pero su caso constituye un s\u00f3lido argumento adicional en favor de iniciar la terapia antirretroviral lo antes posible tras el nacimiento de beb\u00e9s de madres seropositivas\u00bb, dijo. <\/p>\n<p>Por su parte, S\u00e1ez Ciri\u00f3n dijo en un comunicado que \u00abesta ni\u00f1a no tiene ninguno de los factores gen\u00e9ticos conocidos que est\u00e1n asociados con el control natural de la infecci\u00f3n\u00bb. <\/p>\n<p>\u00abLo m\u00e1s probable es que haya estado en remisi\u00f3n virol\u00f3gica durante tanto tiempo porque recibi\u00f3 una combinaci\u00f3n de antirretrovirales poco despu\u00e9s de la infecci\u00f3n\u00bb, a\u00f1adi\u00f3. <\/p>\n<p>Los investigadores se\u00f1alaron que la carga viral de la joven es \u00abcasi indetectable\u00bb y que su conteo celular CD4 \u00abha permanecido estable durante este periodo\u00bb. <\/p>\n<p>En el pasado se han producido otros casos de individuos infectados con VIH que son capaces de controlar la infecci\u00f3n sin necesidad de tomar medicamentos. <\/p>\n<p>El Instituto Pasteur se\u00f1al\u00f3 que este caso es similar \u00abcl\u00ednica, inmunol\u00f3gica y virol\u00f3gicamente a los de los pacientes adultos del estudio ANRS Visconti\u00bb. <\/p>\n<p>En el estudio Visconti, los pacientes, tras ser sometidos a una terapia antirretroviral durante tres a\u00f1os, iniciada poco despu\u00e9s de la infecci\u00f3n, fueron capaces de controlar la infecci\u00f3n durante una media de 10 a\u00f1os sin necesitar los medicamentos antirretrovirales. <\/p>\n<p>\u00abLos antirretrovirales, iniciados muy tempranamente, pueden limitar la constituci\u00f3n de reservas de VIH y preservar las defensas inmunol\u00f3gicas del cuerpo\u00bb, explicaron los cient\u00edficos. <\/p>\n<p>S\u00e1ez Ciri\u00f3n a\u00f1adi\u00f3 que han \u00abproporcionado la prueba del concepto de que la remisi\u00f3n a largo t\u00e9rmino es posible tanto en ni\u00f1os como en adultos\u00bb. <\/p>\n<p>\u00abSin embargo, estos casos son todav\u00eda muy raros. Un caso similar con un ni\u00f1o infectado con VIH y tratado tempranamente fue descrito en Estados Unidos (el llamado \u00abbeb\u00e9 Misisipi\u00bb) pero la remisi\u00f3n s\u00f3lo duro 27 meses despu\u00e9s de que se dej\u00f3 de aplicar la terapia antirretroviral\u00bb, dijo S\u00e1ez Ciri\u00f3n. <\/p>\n<p>\u00a0 <\/p>\n<p>\u00abPor ello, la detenci\u00f3n del tratamiento no es recomendable para adultos o ni\u00f1os excepto en pruebas cl\u00ednicas\u00bb, termin\u00f3 diciendo el cient\u00edfico espa\u00f1ol.\u00a0 <\/p>\n<p>\u00a0 <\/p>\n","protected":false},"excerpt":{"rendered":"<p>El Instituto Pasteur de Francia anunci\u00f3 en Vancouver, Canad\u00e1 que <a href=\"https:\/\/sertv.gob.pa\/nacionalfm\/tras-12-anos-sin-medicacion-adolescente-francesa-no-muestra-rastro-de-vih\/\"> [&#8230;]<\/a><\/p>\n","protected":false},"author":1,"featured_media":6365,"comment_status":"closed","ping_status":"closed","sticky":false,"template":"","format":"standard","meta":{"footnotes":""},"categories":[5],"tags":[],"class_list":["post-6364","post","type-post","status-publish","format-standard","has-post-thumbnail","hentry","category-salud"],"_links":{"self":[{"href":"https:\/\/sertv.gob.pa\/nacionalfm\/wp-json\/wp\/v2\/posts\/6364","targetHints":{"allow":["GET"]}}],"collection":[{"href":"https:\/\/sertv.gob.pa\/nacionalfm\/wp-json\/wp\/v2\/posts"}],"about":[{"href":"https:\/\/sertv.gob.pa\/nacionalfm\/wp-json\/wp\/v2\/types\/post"}],"author":[{"embeddable":true,"href":"https:\/\/sertv.gob.pa\/nacionalfm\/wp-json\/wp\/v2\/users\/1"}],"replies":[{"embeddable":true,"href":"https:\/\/sertv.gob.pa\/nacionalfm\/wp-json\/wp\/v2\/comments?post=6364"}],"version-history":[{"count":0,"href":"https:\/\/sertv.gob.pa\/nacionalfm\/wp-json\/wp\/v2\/posts\/6364\/revisions"}],"wp:featuredmedia":[{"embeddable":true,"href":"https:\/\/sertv.gob.pa\/nacionalfm\/wp-json\/wp\/v2\/media\/6365"}],"wp:attachment":[{"href":"https:\/\/sertv.gob.pa\/nacionalfm\/wp-json\/wp\/v2\/media?parent=6364"}],"wp:term":[{"taxonomy":"category","embeddable":true,"href":"https:\/\/sertv.gob.pa\/nacionalfm\/wp-json\/wp\/v2\/categories?post=6364"},{"taxonomy":"post_tag","embeddable":true,"href":"https:\/\/sertv.gob.pa\/nacionalfm\/wp-json\/wp\/v2\/tags?post=6364"}],"curies":[{"name":"wp","href":"https:\/\/api.w.org\/{rel}","templated":true}]}}