{"id":6380,"date":"2015-07-23T18:57:55","date_gmt":"2015-07-23T18:57:55","guid":{"rendered":""},"modified":"2015-07-23T18:57:55","modified_gmt":"2015-07-23T18:57:55","slug":"entidades-plantean-estrategias-para-disminuir-muertes-de-madres-indigenas","status":"publish","type":"post","link":"https:\/\/sertv.gob.pa\/nacionalfm\/entidades-plantean-estrategias-para-disminuir-muertes-de-madres-indigenas\/","title":{"rendered":"Entidades plantean estrategias para disminuir muertes de madres ind\u00edgenas"},"content":{"rendered":"<p>\nRecientemente, un grupo de expertos internacionales de la Organizaci\u00f3n Panamericana de la Salud (OPS), y nacionales del Ministerio de Salud (MINSA), Ministerio de Desarrollo Social (MIDES), Caja de Seguro Social (CSS) y despacho de la Primera Dama, establecieron un plan estrat\u00e9gico, con el objetivo de disminuir en un 75% las muertes de madres ind\u00edgenas, que registra 250 defunciones por cada 100 mil mujeres que dan a luz en la comarca Ng\u00e4be-Bugl\u00e9, unas de las tasa de mortalidad m\u00e1s alta de Am\u00e9rica. <\/p>\n<p>Hay que subrayar, que la estrategia para la reducci\u00f3n de las muertes se centrar\u00e1 en la aplicaci\u00f3n de un plan prenatal, con el que se buscar\u00e1 a aquellas mujeres que no han recibidos sus controles durante el embarazo; por parte de la CSS, la responsabilidad recaer\u00e1 en los programas materno infantil y de alto riesgo neonatal. <\/p>\n<p>Cabe mencionar, que el anuncio de la campa\u00f1a se efectu\u00f3 en el sal\u00f3n amarillo de la Presidencia de la Rep\u00fablica. <\/p>\n","protected":false},"excerpt":{"rendered":"<p>Recientemente, un grupo de expertos internacionales de la Organizaci\u00f3n Panamericana <a href=\"https:\/\/sertv.gob.pa\/nacionalfm\/entidades-plantean-estrategias-para-disminuir-muertes-de-madres-indigenas\/\"> [&#8230;]<\/a><\/p>\n","protected":false},"author":1,"featured_media":6381,"comment_status":"closed","ping_status":"closed","sticky":false,"template":"","format":"standard","meta":{"footnotes":""},"categories":[5],"tags":[],"class_list":["post-6380","post","type-post","status-publish","format-standard","has-post-thumbnail","hentry","category-salud"],"_links":{"self":[{"href":"https:\/\/sertv.gob.pa\/nacionalfm\/wp-json\/wp\/v2\/posts\/6380","targetHints":{"allow":["GET"]}}],"collection":[{"href":"https:\/\/sertv.gob.pa\/nacionalfm\/wp-json\/wp\/v2\/posts"}],"about":[{"href":"https:\/\/sertv.gob.pa\/nacionalfm\/wp-json\/wp\/v2\/types\/post"}],"author":[{"embeddable":true,"href":"https:\/\/sertv.gob.pa\/nacionalfm\/wp-json\/wp\/v2\/users\/1"}],"replies":[{"embeddable":true,"href":"https:\/\/sertv.gob.pa\/nacionalfm\/wp-json\/wp\/v2\/comments?post=6380"}],"version-history":[{"count":0,"href":"https:\/\/sertv.gob.pa\/nacionalfm\/wp-json\/wp\/v2\/posts\/6380\/revisions"}],"wp:featuredmedia":[{"embeddable":true,"href":"https:\/\/sertv.gob.pa\/nacionalfm\/wp-json\/wp\/v2\/media\/6381"}],"wp:attachment":[{"href":"https:\/\/sertv.gob.pa\/nacionalfm\/wp-json\/wp\/v2\/media?parent=6380"}],"wp:term":[{"taxonomy":"category","embeddable":true,"href":"https:\/\/sertv.gob.pa\/nacionalfm\/wp-json\/wp\/v2\/categories?post=6380"},{"taxonomy":"post_tag","embeddable":true,"href":"https:\/\/sertv.gob.pa\/nacionalfm\/wp-json\/wp\/v2\/tags?post=6380"}],"curies":[{"name":"wp","href":"https:\/\/api.w.org\/{rel}","templated":true}]}}