{"id":63840,"date":"2021-01-12T15:03:10","date_gmt":"2021-01-12T15:03:10","guid":{"rendered":"https:\/\/sertv.gob.pa\/nacionalfm\/?p=63840"},"modified":"2021-01-12T15:03:10","modified_gmt":"2021-01-12T15:03:10","slug":"trabajar-la-tierra-garantiza-la-seguridad-alimentaria-en-la-provincia-de-cocle","status":"publish","type":"post","link":"https:\/\/sertv.gob.pa\/nacionalfm\/trabajar-la-tierra-garantiza-la-seguridad-alimentaria-en-la-provincia-de-cocle\/","title":{"rendered":"Trabajar la tierra, garantiza la \u201cseguridad alimentaria\u201d, en la provincia de Cocl\u00e9"},"content":{"rendered":"<p>Cecilia Rodr\u00edguez, reside en la comunidad de Don Juan de La Yeguada en Nat\u00e1. Ella, junto a cinco mujeres de la comunidad, decidieron aceptar el reto de ser peque\u00f1as empresarias con el programa de <strong><em>Redes Territoriales<\/em><\/strong>, Inclusi\u00f3n productiva, para garantizar la seguridad alimentaria de sus familias.<\/p>\n<p>Se trata de un plan piloto que se implementa en cinco corregimientos de la provincia de Cocl\u00e9, donde se ha corroborado los niveles de pobreza y pobreza extrema y el inter\u00e9s de estas familias en emprender un proyecto, trabajar la tierra, criar pollos y hasta ser empresarios, porque van tambi\u00e9n a vender sus productos.<\/p>\n<p>Cecilia, es l\u00edder del grupo y afirma que nunca pens\u00f3 que podr\u00eda cultivar zanahorias en sus terrenos y mucho menos cebolla, habichuela, repollo y hasta tomates, sin embargo, llena de orgullo, asegura que ya realizaron la primera cosecha y ya los pollos, est\u00e1n listos para vender y no hay mejor satisfacci\u00f3n.<\/p>\n<p>Ella, junto a sus compa\u00f1eras de trabajo y grupo de redes territoriales al igual que otros 29 grupos de familias, se siente muy autosuficiente para seguir adelante y con asesoramiento t\u00e9cnico continuar con el huerto que muy pronto ser\u00e1 un ejemplo para muchas familias.<\/p>\n<p>Sobre el particular, Elcira Palacios, directora del MIDES, en Cocl\u00e9, explic\u00f3, que las redes territoriales, es una propuesta de desarrollo sostenible que se construye a partir de la integraci\u00f3n de los recursos del gobierno, sociedad civil y empresa privada, pues se constituye en un conjunto organizado de redes sociales para mejorar el nivel de vida de comunidades pobres en nuestro pa\u00eds.<\/p>\n<p>Inform\u00f3 que este proyecto o plan piloto tiene el apoyo del Banco Mundial con insumos y materiales para que cada grupo, inicie el programa con asesor\u00eda de MIDES y otras entidades como INADEH y MIDA. En Cocl\u00e9, hay 30 proyectos que cubren cinco corregimientos.<\/p>\n<p>Ellos est\u00e1n en la siembra de zanahoria, cebolla, cebollina, lechuga, repollo, tomate, ma\u00edz, mostaza y cr\u00eda de pollos, que son muy importantes para la nutrici\u00f3n de sus hijos y tambi\u00e9n, para la venta a los miembros de la comunidad.<\/p>\n<p>Comunidades como: Don Juan, La Yeguada, Huacas en el distrito de Nat\u00e1, se benefician, sin embargo, hay otras que tambi\u00e9n forman parte de este plan piloto que ha sido muy positivo gracias al apoyo del Banco Mundial y de todo el equipo de MIDES y otras entidades, que han conseguido incorporarse y apoyar en esta lucha para combatir la pobreza y que en las comunidades, se garantice la seguridad alimentaria, resalt\u00f3 Palacios.<\/p>\n<p>&nbsp;<\/p>\n<p>Fuente: MIDES<\/p>\n<p>&nbsp;<\/p>\n","protected":false},"excerpt":{"rendered":"<p>Cecilia Rodr\u00edguez, reside en la comunidad de Don Juan de <a href=\"https:\/\/sertv.gob.pa\/nacionalfm\/trabajar-la-tierra-garantiza-la-seguridad-alimentaria-en-la-provincia-de-cocle\/\"> [&#8230;]<\/a><\/p>\n","protected":false},"author":9,"featured_media":63841,"comment_status":"closed","ping_status":"closed","sticky":false,"template":"","format":"standard","meta":{"footnotes":""},"categories":[5],"tags":[],"class_list":["post-63840","post","type-post","status-publish","format-standard","has-post-thumbnail","hentry","category-salud"],"_links":{"self":[{"href":"https:\/\/sertv.gob.pa\/nacionalfm\/wp-json\/wp\/v2\/posts\/63840","targetHints":{"allow":["GET"]}}],"collection":[{"href":"https:\/\/sertv.gob.pa\/nacionalfm\/wp-json\/wp\/v2\/posts"}],"about":[{"href":"https:\/\/sertv.gob.pa\/nacionalfm\/wp-json\/wp\/v2\/types\/post"}],"author":[{"embeddable":true,"href":"https:\/\/sertv.gob.pa\/nacionalfm\/wp-json\/wp\/v2\/users\/9"}],"replies":[{"embeddable":true,"href":"https:\/\/sertv.gob.pa\/nacionalfm\/wp-json\/wp\/v2\/comments?post=63840"}],"version-history":[{"count":1,"href":"https:\/\/sertv.gob.pa\/nacionalfm\/wp-json\/wp\/v2\/posts\/63840\/revisions"}],"predecessor-version":[{"id":63846,"href":"https:\/\/sertv.gob.pa\/nacionalfm\/wp-json\/wp\/v2\/posts\/63840\/revisions\/63846"}],"wp:featuredmedia":[{"embeddable":true,"href":"https:\/\/sertv.gob.pa\/nacionalfm\/wp-json\/wp\/v2\/media\/63841"}],"wp:attachment":[{"href":"https:\/\/sertv.gob.pa\/nacionalfm\/wp-json\/wp\/v2\/media?parent=63840"}],"wp:term":[{"taxonomy":"category","embeddable":true,"href":"https:\/\/sertv.gob.pa\/nacionalfm\/wp-json\/wp\/v2\/categories?post=63840"},{"taxonomy":"post_tag","embeddable":true,"href":"https:\/\/sertv.gob.pa\/nacionalfm\/wp-json\/wp\/v2\/tags?post=63840"}],"curies":[{"name":"wp","href":"https:\/\/api.w.org\/{rel}","templated":true}]}}