{"id":64049,"date":"2021-01-18T14:40:21","date_gmt":"2021-01-18T14:40:21","guid":{"rendered":"https:\/\/sertv.gob.pa\/nacionalfm\/?p=64049"},"modified":"2021-01-18T14:40:21","modified_gmt":"2021-01-18T14:40:21","slug":"el-meduca-participara-en-congreso-del-centro-de-competitividad-occidental-que-inicia-este-martes-19-de-enero-de-2021","status":"publish","type":"post","link":"https:\/\/sertv.gob.pa\/nacionalfm\/el-meduca-participara-en-congreso-del-centro-de-competitividad-occidental-que-inicia-este-martes-19-de-enero-de-2021\/","title":{"rendered":"El MEDUCA participar\u00e1 en congreso del Centro de Competitividad Occidental, que inicia este martes, 19 de enero de 2021"},"content":{"rendered":"<p><strong>El Ministerio de Educaci\u00f3n (MEDUCA), participar\u00e1 del I Congreso de Educaci\u00f3n de la Regional Occidental de Panam\u00e1, con el tema \u2018Implementaci\u00f3n de pol\u00edticas p\u00fablicas educativas en los territorios\u2019, a celebrarse del 19 al 22 de enero.<\/strong><\/p>\n<p>El evento, est\u00e1 dirigido a personas que residan o trabajen en la regi\u00f3n Occidental, es decir, de diversos sectores econ\u00f3micos, estudiantes, educadores, padres de familia y actores del sistema educativo de Bocas del Toro, Chiriqu\u00ed, las comarcas Ng\u00e4be Bugl\u00e9 y Naso Tj\u00ebr Di.<\/p>\n<p>El presidente del Centro de Competitividad de la Regi\u00f3n Occidental, Felipe A. Rodr\u00edguez, destac\u00f3, que se trata de unir fuerzas para que la ciudadan\u00eda se sume a dar una respuesta efectiva socioeducativa.<\/p>\n<p>La ocasi\u00f3n es propicia para analizar diversos temas, sobre todo en momentos en que el MEDUCA, ha tenido que redoblar esfuerzos durante los \u00faltimos meses para atender a la poblaci\u00f3n estudiantil y se prepara para dar inicio al a\u00f1o escolar 2021.<\/p>\n<p>El principal objetivo del congreso, es visualizar las pol\u00edticas regionales de nutrici\u00f3n, salud y bienestar en las escuelas, para potenciar estrategias territoriales que den respuesta efectiva a los derechos de los estudiantes.<\/p>\n<p>&nbsp;<\/p>\n<p>Fuente: MEDUCA<\/p>\n","protected":false},"excerpt":{"rendered":"<p>El Ministerio de Educaci\u00f3n (MEDUCA), participar\u00e1 del I Congreso de <a href=\"https:\/\/sertv.gob.pa\/nacionalfm\/el-meduca-participara-en-congreso-del-centro-de-competitividad-occidental-que-inicia-este-martes-19-de-enero-de-2021\/\"> [&#8230;]<\/a><\/p>\n","protected":false},"author":9,"featured_media":64050,"comment_status":"closed","ping_status":"closed","sticky":false,"template":"","format":"standard","meta":{"footnotes":""},"categories":[2],"tags":[],"class_list":["post-64049","post","type-post","status-publish","format-standard","has-post-thumbnail","hentry","category-nacionales"],"_links":{"self":[{"href":"https:\/\/sertv.gob.pa\/nacionalfm\/wp-json\/wp\/v2\/posts\/64049","targetHints":{"allow":["GET"]}}],"collection":[{"href":"https:\/\/sertv.gob.pa\/nacionalfm\/wp-json\/wp\/v2\/posts"}],"about":[{"href":"https:\/\/sertv.gob.pa\/nacionalfm\/wp-json\/wp\/v2\/types\/post"}],"author":[{"embeddable":true,"href":"https:\/\/sertv.gob.pa\/nacionalfm\/wp-json\/wp\/v2\/users\/9"}],"replies":[{"embeddable":true,"href":"https:\/\/sertv.gob.pa\/nacionalfm\/wp-json\/wp\/v2\/comments?post=64049"}],"version-history":[{"count":1,"href":"https:\/\/sertv.gob.pa\/nacionalfm\/wp-json\/wp\/v2\/posts\/64049\/revisions"}],"predecessor-version":[{"id":64051,"href":"https:\/\/sertv.gob.pa\/nacionalfm\/wp-json\/wp\/v2\/posts\/64049\/revisions\/64051"}],"wp:featuredmedia":[{"embeddable":true,"href":"https:\/\/sertv.gob.pa\/nacionalfm\/wp-json\/wp\/v2\/media\/64050"}],"wp:attachment":[{"href":"https:\/\/sertv.gob.pa\/nacionalfm\/wp-json\/wp\/v2\/media?parent=64049"}],"wp:term":[{"taxonomy":"category","embeddable":true,"href":"https:\/\/sertv.gob.pa\/nacionalfm\/wp-json\/wp\/v2\/categories?post=64049"},{"taxonomy":"post_tag","embeddable":true,"href":"https:\/\/sertv.gob.pa\/nacionalfm\/wp-json\/wp\/v2\/tags?post=64049"}],"curies":[{"name":"wp","href":"https:\/\/api.w.org\/{rel}","templated":true}]}}