{"id":641,"date":"2014-07-30T05:00:00","date_gmt":"2014-07-30T05:00:00","guid":{"rendered":""},"modified":"2014-07-30T05:00:00","modified_gmt":"2014-07-30T05:00:00","slug":"san-francisco-ficha-reemplazo-de-negrete","status":"publish","type":"post","link":"https:\/\/sertv.gob.pa\/nacionalfm\/san-francisco-ficha-reemplazo-de-negrete\/","title":{"rendered":"San Francisco ficha reemplazo de Negrete"},"content":{"rendered":"<p>\nEl San Francisco FC contrat\u00f3 al portero procedente del CD Plaza Amador, Vladimir &ldquo;Cacho&rdquo; Vargas, en calidad de cedido, el jugador se encuentra a \u00f3rdenes del profesor Gary Stempel. <\/p>\n<p>Vargas, de 34 a\u00f1os reci\u00e9n cumplidos, viene para suplir la baja del arquero colombiano William Negrete, que parti\u00f3 esta semana para Guatemala, para unirse a las filas del Deportivo Mictl\u00e1n. <\/p>\n<p>El \u00abCacho\u00bb es un viejo conocido del D.T. Gary Stempel, ya que lo tuvo como pupilo en sus inicios en el Panam\u00e1 Viejo F.C. en la antigua ANAPROF. <\/p>\n<p>Pero no es la primera vez que el \u00abCacho\u00bb ha jugado en el SanFra, ya que en el 2007 tuvo un corto pasaje por el equipo cuando el t\u00e9cnico de aquel entonces era Pascual \u00abChato\u00bb Ram\u00edrez. <\/p>\n","protected":false},"excerpt":{"rendered":"<p>El San Francisco FC contrat\u00f3 al portero procedente del CD <a href=\"https:\/\/sertv.gob.pa\/nacionalfm\/san-francisco-ficha-reemplazo-de-negrete\/\"> [&#8230;]<\/a><\/p>\n","protected":false},"author":1,"featured_media":642,"comment_status":"closed","ping_status":"closed","sticky":false,"template":"","format":"standard","meta":{"footnotes":""},"categories":[4],"tags":[],"class_list":["post-641","post","type-post","status-publish","format-standard","has-post-thumbnail","hentry","category-deportes"],"_links":{"self":[{"href":"https:\/\/sertv.gob.pa\/nacionalfm\/wp-json\/wp\/v2\/posts\/641","targetHints":{"allow":["GET"]}}],"collection":[{"href":"https:\/\/sertv.gob.pa\/nacionalfm\/wp-json\/wp\/v2\/posts"}],"about":[{"href":"https:\/\/sertv.gob.pa\/nacionalfm\/wp-json\/wp\/v2\/types\/post"}],"author":[{"embeddable":true,"href":"https:\/\/sertv.gob.pa\/nacionalfm\/wp-json\/wp\/v2\/users\/1"}],"replies":[{"embeddable":true,"href":"https:\/\/sertv.gob.pa\/nacionalfm\/wp-json\/wp\/v2\/comments?post=641"}],"version-history":[{"count":0,"href":"https:\/\/sertv.gob.pa\/nacionalfm\/wp-json\/wp\/v2\/posts\/641\/revisions"}],"wp:featuredmedia":[{"embeddable":true,"href":"https:\/\/sertv.gob.pa\/nacionalfm\/wp-json\/wp\/v2\/media\/642"}],"wp:attachment":[{"href":"https:\/\/sertv.gob.pa\/nacionalfm\/wp-json\/wp\/v2\/media?parent=641"}],"wp:term":[{"taxonomy":"category","embeddable":true,"href":"https:\/\/sertv.gob.pa\/nacionalfm\/wp-json\/wp\/v2\/categories?post=641"},{"taxonomy":"post_tag","embeddable":true,"href":"https:\/\/sertv.gob.pa\/nacionalfm\/wp-json\/wp\/v2\/tags?post=641"}],"curies":[{"name":"wp","href":"https:\/\/api.w.org\/{rel}","templated":true}]}}