{"id":64173,"date":"2021-01-21T07:00:05","date_gmt":"2021-01-21T07:00:05","guid":{"rendered":"https:\/\/sertv.gob.pa\/nacionalfm\/?p=64173"},"modified":"2021-01-20T20:53:59","modified_gmt":"2021-01-20T20:53:59","slug":"en-panama-aumentan-a-11-mil-hectareas-la-siembra-de-arroz-para-este-ciclo-agricola","status":"publish","type":"post","link":"https:\/\/sertv.gob.pa\/nacionalfm\/en-panama-aumentan-a-11-mil-hectareas-la-siembra-de-arroz-para-este-ciclo-agricola\/","title":{"rendered":"En Panam\u00e1, aumentan a 11 mil hect\u00e1reas, la siembra de arroz, para este ciclo agr\u00edcola"},"content":{"rendered":"<p>Un total de 84,459 hect\u00e1reas de arroz, fueron sembradas en el a\u00f1o agr\u00edcola 2020-2021, de las que 72,416 hect\u00e1reas que hab\u00edan sido programadas para este ciclo, acorde a un informe suministrado por representantes de la Direcci\u00f3n Nacional de Agricultura del Ministerio de Desarrollo Agropecuario de Panam\u00e1 (MIDA).<\/p>\n<p>El documento, se\u00f1ala, que del total de arroz sembrado, el 89.4% corresponde a la siembra en secano (75,553 hect\u00e1reas por 1,316 productores) y 10.6% con sistema de riego (8,906 hect\u00e1reas de 62 productores). Es importante enfatizar, que para esta zafra, participaron 1,378 productores.<\/p>\n<p>El MIDA, destaca, que en comparaci\u00f3n con el mismo per\u00edodo del a\u00f1o anterior, cuando se reportaron 73,299 hect\u00e1reas, se observ\u00f3 un incremento de 11,160 hect\u00e1reas.<\/p>\n<p>La provincia mayor productora de arroz seg\u00fan el reporte, es Chiriqu\u00ed con 18,829 hect\u00e1reas (22.3%); seguido por Panam\u00e1 Este, con 15,859 hect\u00e1reas (18.8%); Los Santos, con 12,942 hect\u00e1reas (15.3%), al igual que Cocl\u00e9 con 12,102 hect\u00e1reas (14.3%); Veraguas, con 11,870 (14.1%); Dari\u00e9n, con 10,206 hect\u00e1reas (12.1%); Herrera, con 2,532 hect\u00e1reas (3%) y Panam\u00e1 Oeste, con 120 hect\u00e1reas (0.1%).<\/p>\n<p>En lo que corresponde a la superficie cosechada, se reportaron a la fecha, unas 69,077 hect\u00e1reas con la participaci\u00f3n de 1,048 productores, lo que representa el 82% de la superficie sembrada para una producci\u00f3n de 7,190,723 quintales, con un rendimiento promedio de 104 quintales por hect\u00e1rea.<\/p>\n<p>El ministro del MIDA, Augusto Valderrama, ha resaltado que pese a la pandemia de la COVID-19, se registr\u00f3 un aumento en la producci\u00f3n de arroz, gracias a la confianza que se le dio a los productores, porque se par\u00f3 el desorden que hab\u00eda con las importaciones que se realizaban a diestra y siniestra, cuando en medio de la cosecha, se introduc\u00edan contenedores de arroz procedentes de Guyana y otros pa\u00edses.<\/p>\n<p>Valderrama, enfatiz\u00f3, que desde que se encarg\u00f3 del ministerio, ha cumplido con las directrices del presidente de la Rep\u00fablica, Laurentino Cortizo Cohen, de \u2018no autorizar\u2019 ninguna importaci\u00f3n de arroz, sino se compraba primero toda la producci\u00f3n nacional, y eso se ha cumplido, pues el a\u00f1o pasado, por primera vez, se compr\u00f3 toda la producci\u00f3n nacional.<\/p>\n<p>Fuente: MIDA<\/p>\n<p>&nbsp;<\/p>\n","protected":false},"excerpt":{"rendered":"<p>Un total de 84,459 hect\u00e1reas de arroz, fueron sembradas en <a href=\"https:\/\/sertv.gob.pa\/nacionalfm\/en-panama-aumentan-a-11-mil-hectareas-la-siembra-de-arroz-para-este-ciclo-agricola\/\"> [&#8230;]<\/a><\/p>\n","protected":false},"author":9,"featured_media":64174,"comment_status":"closed","ping_status":"closed","sticky":false,"template":"","format":"standard","meta":{"footnotes":""},"categories":[2],"tags":[],"class_list":["post-64173","post","type-post","status-publish","format-standard","has-post-thumbnail","hentry","category-nacionales"],"_links":{"self":[{"href":"https:\/\/sertv.gob.pa\/nacionalfm\/wp-json\/wp\/v2\/posts\/64173","targetHints":{"allow":["GET"]}}],"collection":[{"href":"https:\/\/sertv.gob.pa\/nacionalfm\/wp-json\/wp\/v2\/posts"}],"about":[{"href":"https:\/\/sertv.gob.pa\/nacionalfm\/wp-json\/wp\/v2\/types\/post"}],"author":[{"embeddable":true,"href":"https:\/\/sertv.gob.pa\/nacionalfm\/wp-json\/wp\/v2\/users\/9"}],"replies":[{"embeddable":true,"href":"https:\/\/sertv.gob.pa\/nacionalfm\/wp-json\/wp\/v2\/comments?post=64173"}],"version-history":[{"count":1,"href":"https:\/\/sertv.gob.pa\/nacionalfm\/wp-json\/wp\/v2\/posts\/64173\/revisions"}],"predecessor-version":[{"id":64176,"href":"https:\/\/sertv.gob.pa\/nacionalfm\/wp-json\/wp\/v2\/posts\/64173\/revisions\/64176"}],"wp:featuredmedia":[{"embeddable":true,"href":"https:\/\/sertv.gob.pa\/nacionalfm\/wp-json\/wp\/v2\/media\/64174"}],"wp:attachment":[{"href":"https:\/\/sertv.gob.pa\/nacionalfm\/wp-json\/wp\/v2\/media?parent=64173"}],"wp:term":[{"taxonomy":"category","embeddable":true,"href":"https:\/\/sertv.gob.pa\/nacionalfm\/wp-json\/wp\/v2\/categories?post=64173"},{"taxonomy":"post_tag","embeddable":true,"href":"https:\/\/sertv.gob.pa\/nacionalfm\/wp-json\/wp\/v2\/tags?post=64173"}],"curies":[{"name":"wp","href":"https:\/\/api.w.org\/{rel}","templated":true}]}}