{"id":6438,"date":"2015-07-28T18:41:55","date_gmt":"2015-07-28T18:41:55","guid":{"rendered":""},"modified":"2015-07-28T18:41:55","modified_gmt":"2015-07-28T18:41:55","slug":"un-refugio-para-inmigrantes-darien","status":"publish","type":"post","link":"https:\/\/sertv.gob.pa\/nacionalfm\/un-refugio-para-inmigrantes-darien\/","title":{"rendered":"Un refugio para inmigrantes: \u201cDari\u00e9n\u201d"},"content":{"rendered":"<p>\nAl presente, una ola de inmigrantes originarios de Asia y \u00c1frica inundaron la provincia de Dari\u00e9n, y autoridades extendieron un operativo de salud y orden p\u00fablico en la regi\u00f3n. <\/p>\n<p>De esta forma, se estipula que cerca de 260 personas del sexo masculino, de edades comprendidas entre los 18 y 35 a\u00f1os, procedentes espec\u00edficamente de Nepal, Bangladesh y Somalia, arribaron a Dari\u00e9n, generando una alarma a las autoridades locales. <\/p>\n<p>Al respecto, las autoridades del Ministerio de Salud (MINSA), Servicio Nacional de Migraci\u00f3n y Servicio Nacional de Fronteras (SENAFRONT), se movilizaron a la provincia y se encuentran atendiendo a estos inmigrantes en materia de salud, a fin de conocer sus condiciones de salud, tal como lo establecen las normas internacionales. <\/p>\n<p>En ese aspecto, en los poblados de Metet\u00ed, Yaviza, Boca Cup\u00e9 y en frontera colombiana son los lugares de refugio que han elegido estos inmigrantes. No obstante, el personal m\u00e9dico no se da abasto para atender a los inmigrantes y los pobladores de la regi\u00f3n. <\/p>\n","protected":false},"excerpt":{"rendered":"<p>Al presente, una ola de inmigrantes originarios de Asia y <a href=\"https:\/\/sertv.gob.pa\/nacionalfm\/un-refugio-para-inmigrantes-darien\/\"> [&#8230;]<\/a><\/p>\n","protected":false},"author":1,"featured_media":6439,"comment_status":"closed","ping_status":"closed","sticky":false,"template":"","format":"standard","meta":{"footnotes":""},"categories":[5],"tags":[],"class_list":["post-6438","post","type-post","status-publish","format-standard","has-post-thumbnail","hentry","category-salud"],"_links":{"self":[{"href":"https:\/\/sertv.gob.pa\/nacionalfm\/wp-json\/wp\/v2\/posts\/6438","targetHints":{"allow":["GET"]}}],"collection":[{"href":"https:\/\/sertv.gob.pa\/nacionalfm\/wp-json\/wp\/v2\/posts"}],"about":[{"href":"https:\/\/sertv.gob.pa\/nacionalfm\/wp-json\/wp\/v2\/types\/post"}],"author":[{"embeddable":true,"href":"https:\/\/sertv.gob.pa\/nacionalfm\/wp-json\/wp\/v2\/users\/1"}],"replies":[{"embeddable":true,"href":"https:\/\/sertv.gob.pa\/nacionalfm\/wp-json\/wp\/v2\/comments?post=6438"}],"version-history":[{"count":0,"href":"https:\/\/sertv.gob.pa\/nacionalfm\/wp-json\/wp\/v2\/posts\/6438\/revisions"}],"wp:featuredmedia":[{"embeddable":true,"href":"https:\/\/sertv.gob.pa\/nacionalfm\/wp-json\/wp\/v2\/media\/6439"}],"wp:attachment":[{"href":"https:\/\/sertv.gob.pa\/nacionalfm\/wp-json\/wp\/v2\/media?parent=6438"}],"wp:term":[{"taxonomy":"category","embeddable":true,"href":"https:\/\/sertv.gob.pa\/nacionalfm\/wp-json\/wp\/v2\/categories?post=6438"},{"taxonomy":"post_tag","embeddable":true,"href":"https:\/\/sertv.gob.pa\/nacionalfm\/wp-json\/wp\/v2\/tags?post=6438"}],"curies":[{"name":"wp","href":"https:\/\/api.w.org\/{rel}","templated":true}]}}