{"id":64662,"date":"2021-02-02T18:17:16","date_gmt":"2021-02-02T18:17:16","guid":{"rendered":"https:\/\/sertv.gob.pa\/nacionalfm\/?p=64662"},"modified":"2021-02-02T18:17:16","modified_gmt":"2021-02-02T18:17:16","slug":"muere-con-100-anos-capitan-tom-icono-britanico-de-la-lucha-contra-la-covid","status":"publish","type":"post","link":"https:\/\/sertv.gob.pa\/nacionalfm\/muere-con-100-anos-capitan-tom-icono-britanico-de-la-lucha-contra-la-covid\/","title":{"rendered":"Muere con 100 a\u00f1os \u00abCapit\u00e1n Tom\u00bb, icono brit\u00e1nico de la lucha contra la covid"},"content":{"rendered":"<p><strong><em>Londres, (EFE).- <\/em><\/strong><\/p>\n<p>&nbsp;<\/p>\n<p>El centenario veterano de la II Guerra Mundial Tom Moore, conocido en el Reino Unido como \u00abCapit\u00e1n Tom\u00bb, que recaud\u00f3 33 millones de libras para el sector sanitario brit\u00e1nico dando cien vueltas a su jard\u00edn con su andador, ha fallecido por coronavirus, inform\u00f3 este martes su familia.<\/p>\n<p>Moore, que lleg\u00f3 a ser condecorado como \u00abcaballero\u00bb por la reina Isabel II, se convirti\u00f3 en todo un h\u00e9roe nacional el pasado abril durante el primer confinamiento nacional.<\/p>\n<p>Lo hizo al cumplir un reto, planteado con fines ben\u00e9ficos, de rodear un centenar de veces su vivienda en el condado ingl\u00e9s de Bedfordshire, con ayuda de su caminador, antes de cumplir cien a\u00f1os el pasado 30 de abril.<\/p>\n<p>El capit\u00e1n logr\u00f3 sobrepasar con creces su objetivo inicial -de recaudar 1.000 libras- gracias a la solidaridad de millones de personas en el Reino Unido que se sintieron cautivadas por sus esfuerzos.<\/p>\n<p>El militar ingres\u00f3 en el hospital de Bedford el pasado domingo con dificultades respiratorias tras haber recibido durante algunas semanas tratamiento por neumon\u00eda y dio positivo por coronavirus la pasada semana.<\/p>\n<p>En un comunicado difundido hoy para confirmar el fallecimiento de Moore, sus hijas, Hannah y Lucy, se mostraron \u00abagradecidas por haber podido estar con \u00e9l durante las \u00faltimas horas de su vida\u00bb.<\/p>\n<p>\u00abEl \u00faltimo a\u00f1o de la vida de nuestro padre ha sido sobresaliente. Rejuveneci\u00f3 y experiment\u00f3 cosas que solo hab\u00eda so\u00f1ado\u00bb, indicaron en la nota.<\/p>\n<p>Un portavoz del palacio de Buckingham -residencia oficial en Londres de la reina Isabel II- se\u00f1al\u00f3 que la soberana y la familia real \u00abacompa\u00f1an en el sentimiento al capit\u00e1n Tom Moore y su familia\u00bb y que la monarca enviar\u00e1 \u00abun mensaje privado de condolencia\u00bb a su familia.<\/p>\n<p>\u00abSu Majestad disfrut\u00f3 mucho al conocer al capit\u00e1n Sir Tom y su familia en Windsor el pasado a\u00f1o. Sus pensamientos, y los de la familia real, les acompa\u00f1an, reconociendo la inspiraci\u00f3n que represent\u00f3 para todo el pa\u00eds y en otras partes del mundo\u00bb, se\u00f1al\u00f3 el portavoz.<\/p>\n<p>En un mensaje en Twitter, el NHS, el servicio sanitario p\u00fablico para el que el veterano recaud\u00f3 los fondos, le dedic\u00f3 un mensaje: \u00abGracias por todo, Sir Tom\u00bb.<\/p>\n<p>Tras cumplir su reto, Moore recibi\u00f3 el t\u00edtulo honor\u00edfico de coronel del Ministerio de Defensa y lanz\u00f3 una canci\u00f3n junto con el cantante Michael Ball con una versi\u00f3n del cl\u00e1sico \u00abYou&#8217;ll never walk alone\u00bb, que lleg\u00f3 al n\u00famero uno de las listas de ventas.<\/p>\n<p>Su haza\u00f1a inspir\u00f3 adem\u00e1s a la veterana rusa de la segunda Guerra Mundial Zina\u00edda K\u00f3rnieva, de 97 a\u00f1os, que escribe un blog a diario a fin de recaudar dinero para las familias de los m\u00e9dicos muertos en Rusia en la batalla contra la pandemia.<\/p>\n<p>K\u00f3rnieva dedic\u00f3 un v\u00eddeo al capit\u00e1n brit\u00e1nico y le prometi\u00f3 como regalo de cumplea\u00f1os coserle \u00abdesde Rusia con amor\u00bb unos calcetines para el invierno, que ya le envi\u00f3 por correo urgente.<\/p>\n<p>&nbsp;<\/p>\n<p>Fuente: EFE<\/p>\n","protected":false},"excerpt":{"rendered":"<p>Londres, (EFE).- &nbsp; El centenario veterano de la II Guerra <a href=\"https:\/\/sertv.gob.pa\/nacionalfm\/muere-con-100-anos-capitan-tom-icono-britanico-de-la-lucha-contra-la-covid\/\"> [&#8230;]<\/a><\/p>\n","protected":false},"author":9,"featured_media":64663,"comment_status":"closed","ping_status":"closed","sticky":false,"template":"","format":"standard","meta":{"footnotes":""},"categories":[3],"tags":[],"class_list":["post-64662","post","type-post","status-publish","format-standard","has-post-thumbnail","hentry","category-internacionales"],"_links":{"self":[{"href":"https:\/\/sertv.gob.pa\/nacionalfm\/wp-json\/wp\/v2\/posts\/64662","targetHints":{"allow":["GET"]}}],"collection":[{"href":"https:\/\/sertv.gob.pa\/nacionalfm\/wp-json\/wp\/v2\/posts"}],"about":[{"href":"https:\/\/sertv.gob.pa\/nacionalfm\/wp-json\/wp\/v2\/types\/post"}],"author":[{"embeddable":true,"href":"https:\/\/sertv.gob.pa\/nacionalfm\/wp-json\/wp\/v2\/users\/9"}],"replies":[{"embeddable":true,"href":"https:\/\/sertv.gob.pa\/nacionalfm\/wp-json\/wp\/v2\/comments?post=64662"}],"version-history":[{"count":1,"href":"https:\/\/sertv.gob.pa\/nacionalfm\/wp-json\/wp\/v2\/posts\/64662\/revisions"}],"predecessor-version":[{"id":64664,"href":"https:\/\/sertv.gob.pa\/nacionalfm\/wp-json\/wp\/v2\/posts\/64662\/revisions\/64664"}],"wp:featuredmedia":[{"embeddable":true,"href":"https:\/\/sertv.gob.pa\/nacionalfm\/wp-json\/wp\/v2\/media\/64663"}],"wp:attachment":[{"href":"https:\/\/sertv.gob.pa\/nacionalfm\/wp-json\/wp\/v2\/media?parent=64662"}],"wp:term":[{"taxonomy":"category","embeddable":true,"href":"https:\/\/sertv.gob.pa\/nacionalfm\/wp-json\/wp\/v2\/categories?post=64662"},{"taxonomy":"post_tag","embeddable":true,"href":"https:\/\/sertv.gob.pa\/nacionalfm\/wp-json\/wp\/v2\/tags?post=64662"}],"curies":[{"name":"wp","href":"https:\/\/api.w.org\/{rel}","templated":true}]}}