{"id":647,"date":"2014-07-30T05:00:00","date_gmt":"2014-07-30T05:00:00","guid":{"rendered":""},"modified":"2014-07-30T05:00:00","modified_gmt":"2014-07-30T05:00:00","slug":"cuarentena-por-ebola-en-liberia","status":"publish","type":"post","link":"https:\/\/sertv.gob.pa\/nacionalfm\/cuarentena-por-ebola-en-liberia\/","title":{"rendered":"Cuarentena por \u00e9bola en Liberia"},"content":{"rendered":"<p>\nEllen Johnson Sirleaf, presidenta de Liberia, cerr\u00f3 algunos cruces fronterizos, restringi\u00f3 los actos p\u00fablicos y orden\u00f3 una cuarentena estricta de las comunidades afectadas por el brote de \u00e9bola. <\/p>\n<p>La mandataria formul\u00f3 el anuncio luego de la primera reuni\u00f3n de una fuerza de tareas creada para contener la enfermedad, que ha matado a 129 personas en el pa\u00eds y m\u00e1s de 670 en la regi\u00f3n. <\/p>\n<p>Un prominente m\u00e9dico liberiano falleci\u00f3 de \u00e9bola durante el fin de semana y dos trabajadores estadounidenses de asistencia han enfermado.@nacionalFm <\/p>\n<p>\u00a0 <\/p>\n<p>\u00a0 <\/p>\n","protected":false},"excerpt":{"rendered":"<p>Ellen Johnson Sirleaf, presidenta de Liberia, cerr\u00f3 algunos cruces fronterizos, <a href=\"https:\/\/sertv.gob.pa\/nacionalfm\/cuarentena-por-ebola-en-liberia\/\"> [&#8230;]<\/a><\/p>\n","protected":false},"author":1,"featured_media":648,"comment_status":"closed","ping_status":"closed","sticky":false,"template":"","format":"standard","meta":{"footnotes":""},"categories":[5],"tags":[],"class_list":["post-647","post","type-post","status-publish","format-standard","has-post-thumbnail","hentry","category-salud"],"_links":{"self":[{"href":"https:\/\/sertv.gob.pa\/nacionalfm\/wp-json\/wp\/v2\/posts\/647","targetHints":{"allow":["GET"]}}],"collection":[{"href":"https:\/\/sertv.gob.pa\/nacionalfm\/wp-json\/wp\/v2\/posts"}],"about":[{"href":"https:\/\/sertv.gob.pa\/nacionalfm\/wp-json\/wp\/v2\/types\/post"}],"author":[{"embeddable":true,"href":"https:\/\/sertv.gob.pa\/nacionalfm\/wp-json\/wp\/v2\/users\/1"}],"replies":[{"embeddable":true,"href":"https:\/\/sertv.gob.pa\/nacionalfm\/wp-json\/wp\/v2\/comments?post=647"}],"version-history":[{"count":0,"href":"https:\/\/sertv.gob.pa\/nacionalfm\/wp-json\/wp\/v2\/posts\/647\/revisions"}],"wp:featuredmedia":[{"embeddable":true,"href":"https:\/\/sertv.gob.pa\/nacionalfm\/wp-json\/wp\/v2\/media\/648"}],"wp:attachment":[{"href":"https:\/\/sertv.gob.pa\/nacionalfm\/wp-json\/wp\/v2\/media?parent=647"}],"wp:term":[{"taxonomy":"category","embeddable":true,"href":"https:\/\/sertv.gob.pa\/nacionalfm\/wp-json\/wp\/v2\/categories?post=647"},{"taxonomy":"post_tag","embeddable":true,"href":"https:\/\/sertv.gob.pa\/nacionalfm\/wp-json\/wp\/v2\/tags?post=647"}],"curies":[{"name":"wp","href":"https:\/\/api.w.org\/{rel}","templated":true}]}}