{"id":6480,"date":"2015-07-31T17:25:32","date_gmt":"2015-07-31T17:25:32","guid":{"rendered":""},"modified":"2015-07-31T17:25:32","modified_gmt":"2015-07-31T17:25:32","slug":"inauguran-xix-congreso-nacional-de-cardiologia","status":"publish","type":"post","link":"https:\/\/sertv.gob.pa\/nacionalfm\/inauguran-xix-congreso-nacional-de-cardiologia\/","title":{"rendered":"Inauguran XIX Congreso Nacional de Cardiolog\u00eda"},"content":{"rendered":"<p>\n&ldquo;La evoluci\u00f3n en el tema cardiovascular en nuestro pa\u00eds y en el mundo ha sido impactante, sin embargo, la primera causa de muerte sigue siendo la enfermedad cardiovascular, lo que nos indica que no basta solo crecer tecnol\u00f3gicamente si no se camina de la mano hacia una coordenada de salud p\u00fablica m\u00e1s importante, la promoci\u00f3n de estilos de vida saludables&rdquo;, subray\u00f3 el director general de la Caja de Seguro Social, Dr. Estivenson Gir\u00f3n Desgrenger, en el acto de inauguraci\u00f3n del XIX Congreso Nacional de Cardiolog\u00eda. <\/p>\n<p>Para este significativo evento acad\u00e9mico de salud, el cual fue organizado por la Sociedad Paname\u00f1a de Cardiolog\u00eda, se encontraban presentes el ministro Consejero del ministro de Salud, Dr. Tem\u00edstocles D\u00edaz, el presidente de la Sociedad Paname\u00f1a de Cardiolog\u00eda, Dr. Armando Garrido, el Dr. Enrique Mendoza, decano de la facultad de Medicina y el Presidente del Comit\u00e9 Cient\u00edfico del Congreso, Dr. Alfaro Marchena, quienes en sus respectivas intervenciones coincidieron con lo expresado por el Dr. Estivenson Gir\u00f3n en cuanto a la necesidad urgente de fortalecer la medicina preventiva y promocional. <\/p>\n<p>Esta actividad docente inaugurada recientemente, se desarrollar\u00e1 hasta el s\u00e1bado 1 de agosto; para la misma, se contar\u00e1 con la alocuci\u00f3n de once reconocidos profesionales de la medicina cardiol\u00f3gica de diversos pa\u00edses de Latinoam\u00e9rica y catorce destacados profesionales de esa rama en Panam\u00e1. <\/p>\n<p>Cabe mencionar, que en esta alta docencia se tocar\u00e1n temas relevantes en el aspecto cardiol\u00f3gico, tales como: Abordaje del paciente con Dislipidemia; Disfunci\u00f3n Ventricular inducida por quimioterapia; Manejo de Pacientes con Insuficiencia Card\u00edaca Avanzada, Enfermedad Coronaria, Terapia Antitromb\u00f3tica en Cardiolog\u00eda, Estrategias para Mejorar la Prevenci\u00f3n en S\u00edndrome Coronario Agudo, entre varios otros temas que aportan para renovar a los profesionales de esta disciplina de forma tal que se apliquen a favor de los asegurados. <\/p>\n","protected":false},"excerpt":{"rendered":"<p>&ldquo;La evoluci\u00f3n en el tema cardiovascular en nuestro pa\u00eds y <a href=\"https:\/\/sertv.gob.pa\/nacionalfm\/inauguran-xix-congreso-nacional-de-cardiologia\/\"> [&#8230;]<\/a><\/p>\n","protected":false},"author":1,"featured_media":6481,"comment_status":"closed","ping_status":"closed","sticky":false,"template":"","format":"standard","meta":{"footnotes":""},"categories":[5],"tags":[],"class_list":["post-6480","post","type-post","status-publish","format-standard","has-post-thumbnail","hentry","category-salud"],"_links":{"self":[{"href":"https:\/\/sertv.gob.pa\/nacionalfm\/wp-json\/wp\/v2\/posts\/6480","targetHints":{"allow":["GET"]}}],"collection":[{"href":"https:\/\/sertv.gob.pa\/nacionalfm\/wp-json\/wp\/v2\/posts"}],"about":[{"href":"https:\/\/sertv.gob.pa\/nacionalfm\/wp-json\/wp\/v2\/types\/post"}],"author":[{"embeddable":true,"href":"https:\/\/sertv.gob.pa\/nacionalfm\/wp-json\/wp\/v2\/users\/1"}],"replies":[{"embeddable":true,"href":"https:\/\/sertv.gob.pa\/nacionalfm\/wp-json\/wp\/v2\/comments?post=6480"}],"version-history":[{"count":0,"href":"https:\/\/sertv.gob.pa\/nacionalfm\/wp-json\/wp\/v2\/posts\/6480\/revisions"}],"wp:featuredmedia":[{"embeddable":true,"href":"https:\/\/sertv.gob.pa\/nacionalfm\/wp-json\/wp\/v2\/media\/6481"}],"wp:attachment":[{"href":"https:\/\/sertv.gob.pa\/nacionalfm\/wp-json\/wp\/v2\/media?parent=6480"}],"wp:term":[{"taxonomy":"category","embeddable":true,"href":"https:\/\/sertv.gob.pa\/nacionalfm\/wp-json\/wp\/v2\/categories?post=6480"},{"taxonomy":"post_tag","embeddable":true,"href":"https:\/\/sertv.gob.pa\/nacionalfm\/wp-json\/wp\/v2\/tags?post=6480"}],"curies":[{"name":"wp","href":"https:\/\/api.w.org\/{rel}","templated":true}]}}