{"id":6492,"date":"2015-08-01T16:20:28","date_gmt":"2015-08-01T16:20:28","guid":{"rendered":""},"modified":"2015-08-01T16:20:28","modified_gmt":"2015-08-01T16:20:28","slug":"css-capacita-a-pacientes-de-la-tercera-edad-sobre-salud-mental","status":"publish","type":"post","link":"https:\/\/sertv.gob.pa\/nacionalfm\/css-capacita-a-pacientes-de-la-tercera-edad-sobre-salud-mental\/","title":{"rendered":"CSS capacita a pacientes de la tercera edad sobre salud mental"},"content":{"rendered":"<p>\nBajo el lema &ldquo;Cuidados de la salud mental en el adulto mayor&rdquo;, un grupo de 46 pacientes del programa Jubilados, Pensionados y Tercera Edad de la policl\u00ednica Dr. Blas Daniel G\u00f3mez Chetro, en Arraij\u00e1n, se beneficiaron recientemente con esta docencia, cuya meta estaba enfocada en brindar \u00a0herramientas a los participantes a fin de que pudiesen mejorar y mantener la salud mental en el m\u00e1s alto nivel e igualmente lograr una mayor independencia. <\/p>\n<p>Las personas que emocionalmente son sanas tienen control sobre sus pensamientos, sentimientos y comportamientos, se sienten bien consigo mismas, tienen buenas relaciones interpersonales y pueden poner los problemas en perspectiva, indic\u00f3 la psic\u00f3loga Mar\u00eda Carrera. <\/p>\n<p>&ldquo;Por eso es importante recordar que la salud mental tiene que ver en c\u00f3mo manejar en forma adecuada la depresi\u00f3n, la autoestima y la motivaci\u00f3n personal, para poder hacerle frente a las exigencias de la vida, aceptando sus responsabilidades y resolviendo sus problemas, seg\u00fan se presenten&rdquo;, acot\u00f3 la especialista. <\/p>\n<p>En tanto que, la coordinadora del programa, Lcda. Patricia de Villarreal, manifest\u00f3, que el mantenimiento de la salud mental de los adultos mayores, se debe realizar desde la prevenci\u00f3n primaria, a trav\u00e9s de la educaci\u00f3n de ellos y de sus familiares, para que estos sepan atenderlos y apoyarlos. <\/p>\n","protected":false},"excerpt":{"rendered":"<p>Bajo el lema &ldquo;Cuidados de la salud mental en el <a href=\"https:\/\/sertv.gob.pa\/nacionalfm\/css-capacita-a-pacientes-de-la-tercera-edad-sobre-salud-mental\/\"> [&#8230;]<\/a><\/p>\n","protected":false},"author":1,"featured_media":6493,"comment_status":"closed","ping_status":"closed","sticky":false,"template":"","format":"standard","meta":{"footnotes":""},"categories":[5],"tags":[],"class_list":["post-6492","post","type-post","status-publish","format-standard","has-post-thumbnail","hentry","category-salud"],"_links":{"self":[{"href":"https:\/\/sertv.gob.pa\/nacionalfm\/wp-json\/wp\/v2\/posts\/6492","targetHints":{"allow":["GET"]}}],"collection":[{"href":"https:\/\/sertv.gob.pa\/nacionalfm\/wp-json\/wp\/v2\/posts"}],"about":[{"href":"https:\/\/sertv.gob.pa\/nacionalfm\/wp-json\/wp\/v2\/types\/post"}],"author":[{"embeddable":true,"href":"https:\/\/sertv.gob.pa\/nacionalfm\/wp-json\/wp\/v2\/users\/1"}],"replies":[{"embeddable":true,"href":"https:\/\/sertv.gob.pa\/nacionalfm\/wp-json\/wp\/v2\/comments?post=6492"}],"version-history":[{"count":0,"href":"https:\/\/sertv.gob.pa\/nacionalfm\/wp-json\/wp\/v2\/posts\/6492\/revisions"}],"wp:featuredmedia":[{"embeddable":true,"href":"https:\/\/sertv.gob.pa\/nacionalfm\/wp-json\/wp\/v2\/media\/6493"}],"wp:attachment":[{"href":"https:\/\/sertv.gob.pa\/nacionalfm\/wp-json\/wp\/v2\/media?parent=6492"}],"wp:term":[{"taxonomy":"category","embeddable":true,"href":"https:\/\/sertv.gob.pa\/nacionalfm\/wp-json\/wp\/v2\/categories?post=6492"},{"taxonomy":"post_tag","embeddable":true,"href":"https:\/\/sertv.gob.pa\/nacionalfm\/wp-json\/wp\/v2\/tags?post=6492"}],"curies":[{"name":"wp","href":"https:\/\/api.w.org\/{rel}","templated":true}]}}