{"id":64945,"date":"2021-02-09T19:32:07","date_gmt":"2021-02-09T19:32:07","guid":{"rendered":"https:\/\/sertv.gob.pa\/nacionalfm\/?p=64945"},"modified":"2021-02-09T19:32:07","modified_gmt":"2021-02-09T19:32:07","slug":"centro-de-rehabilitacion-integral-reintegra-beneficiara-a-personas-con-discapacidad-de-panama-oeste","status":"publish","type":"post","link":"https:\/\/sertv.gob.pa\/nacionalfm\/centro-de-rehabilitacion-integral-reintegra-beneficiara-a-personas-con-discapacidad-de-panama-oeste\/","title":{"rendered":"Centro de Rehabilitaci\u00f3n Integral \u201cREINTEGRA\u201d, beneficiar\u00e1 a personas con discapacidad de Panam\u00e1 Oeste"},"content":{"rendered":"<p>La ma\u00f1ana del lunes, 8 de febrero, se llev\u00f3 a cabo\u00a0la entrega\u00a0f\u00edsica del <strong><em>Centro de<\/em><\/strong> <strong><em>Rehabilitaci\u00f3n Integral REINTEGRA,<\/em><\/strong> al Ministerio de Salud (MINSA) en Panam\u00e1 Oeste, por parte del Club Activo 20-30, el cual se encuentra ubicado en el distrito de La Chorrera y que beneficiar\u00e1 a las personas con discapacidad en\u00a0esta\u00a0regi\u00f3n del pa\u00eds.<\/p>\n<p>Yanitzel Arosemena,\u00a0Directora Nacional\u00a0de la Oficina de Salud Integral para la atenci\u00f3n de la poblaci\u00f3n con discapacidad del MINSA, explic\u00f3, que el Gobierno Nacional a trav\u00e9s del Ministerio de Salud, ha nombrado un personal para atender a los pacientes recluidos en esta instalaci\u00f3n.<\/p>\n<p>Arosemena, indic\u00f3, que el <strong><em>REINTEGRA de La Chorrera,<\/em><\/strong> contar\u00e1 con un equipo novedoso de rehabilitaci\u00f3n, que desde el primer nivel de atenci\u00f3n,\u00a0se le\u00a0brinde un seguimiento \u00f3ptimo al paciente.<\/p>\n<p>\u00abEste centro, se ha habilitado con gran regocijo a la provincia de Panam\u00e1 Oeste, para que cuando inicie la atenci\u00f3n a pacientes con discapacidad no se trasladen hasta la ciudad capital\u00bb, precis\u00f3 la funcionaria.<\/p>\n<p>Por su parte, Giacomo\u00a0Tamburelli,\u00a0presidente del Club Activo 20-30, dijo que esta instalaci\u00f3n, contar\u00e1 con\u00a0especialidades en fisioterapia, terapia\u00a0ocupacional,\u00a0estimulaci\u00f3n\u00a0temprana y\u00a0psicolog\u00eda,<\/p>\n<p>Agreg\u00f3, que esta instalaci\u00f3n, ser\u00e1 de gran ayuda al sistema de salud en el \u00e1rea oeste del pa\u00eds.<\/p>\n<p>&nbsp;<\/p>\n<p>Fuente: MINSA<\/p>\n","protected":false},"excerpt":{"rendered":"<p>La ma\u00f1ana del lunes, 8 de febrero, se llev\u00f3 a <a href=\"https:\/\/sertv.gob.pa\/nacionalfm\/centro-de-rehabilitacion-integral-reintegra-beneficiara-a-personas-con-discapacidad-de-panama-oeste\/\"> [&#8230;]<\/a><\/p>\n","protected":false},"author":9,"featured_media":64946,"comment_status":"closed","ping_status":"closed","sticky":false,"template":"","format":"standard","meta":{"footnotes":""},"categories":[5],"tags":[],"class_list":["post-64945","post","type-post","status-publish","format-standard","has-post-thumbnail","hentry","category-salud"],"_links":{"self":[{"href":"https:\/\/sertv.gob.pa\/nacionalfm\/wp-json\/wp\/v2\/posts\/64945","targetHints":{"allow":["GET"]}}],"collection":[{"href":"https:\/\/sertv.gob.pa\/nacionalfm\/wp-json\/wp\/v2\/posts"}],"about":[{"href":"https:\/\/sertv.gob.pa\/nacionalfm\/wp-json\/wp\/v2\/types\/post"}],"author":[{"embeddable":true,"href":"https:\/\/sertv.gob.pa\/nacionalfm\/wp-json\/wp\/v2\/users\/9"}],"replies":[{"embeddable":true,"href":"https:\/\/sertv.gob.pa\/nacionalfm\/wp-json\/wp\/v2\/comments?post=64945"}],"version-history":[{"count":1,"href":"https:\/\/sertv.gob.pa\/nacionalfm\/wp-json\/wp\/v2\/posts\/64945\/revisions"}],"predecessor-version":[{"id":64949,"href":"https:\/\/sertv.gob.pa\/nacionalfm\/wp-json\/wp\/v2\/posts\/64945\/revisions\/64949"}],"wp:featuredmedia":[{"embeddable":true,"href":"https:\/\/sertv.gob.pa\/nacionalfm\/wp-json\/wp\/v2\/media\/64946"}],"wp:attachment":[{"href":"https:\/\/sertv.gob.pa\/nacionalfm\/wp-json\/wp\/v2\/media?parent=64945"}],"wp:term":[{"taxonomy":"category","embeddable":true,"href":"https:\/\/sertv.gob.pa\/nacionalfm\/wp-json\/wp\/v2\/categories?post=64945"},{"taxonomy":"post_tag","embeddable":true,"href":"https:\/\/sertv.gob.pa\/nacionalfm\/wp-json\/wp\/v2\/tags?post=64945"}],"curies":[{"name":"wp","href":"https:\/\/api.w.org\/{rel}","templated":true}]}}