{"id":651,"date":"2014-07-30T05:00:00","date_gmt":"2014-07-30T05:00:00","guid":{"rendered":""},"modified":"2014-07-30T05:00:00","modified_gmt":"2014-07-30T05:00:00","slug":"97-de-los-panamenos-se-lavan-las-manos-al-ir-al-bano","status":"publish","type":"post","link":"https:\/\/sertv.gob.pa\/nacionalfm\/97-de-los-panamenos-se-lavan-las-manos-al-ir-al-bano\/","title":{"rendered":"97% de los paname\u00f1os se lavan las manos al ir al ba\u00f1o"},"content":{"rendered":"<p>\nParece que las campa\u00f1as de salud que enfatizan en la importancia de lavarse las manos luego de ir al ba\u00f1o han calado en la poblaci\u00f3n paname\u00f1a. <\/p>\n<p>Esto es as\u00ed si se considera que el 97% de los entrevistados manifest\u00f3 que se lava las manos siempre que usa un sanitario. <\/p>\n<p>Un 1.8% se\u00f1al\u00f3 que lo hace solo cuando va al servicio y defeca. Un 4% expres\u00f3 que nunca se lavan las manos. <\/p>\n<p>Entre el 97% de los que s\u00ed lo practican los que m\u00e1s se acercan al porcentaje perfecto son las mujeres, de estas el 98.7% se lava las manos siempre que va al ba\u00f1o. Se le acercan los interioranos (98.3%) y los que tienen educaci\u00f3n secundaria (98.2%).\u00a0 @nacionalFm <\/p>\n<p>\u00a0 <\/p>\n","protected":false},"excerpt":{"rendered":"<p>Parece que las campa\u00f1as de salud que enfatizan en la <a href=\"https:\/\/sertv.gob.pa\/nacionalfm\/97-de-los-panamenos-se-lavan-las-manos-al-ir-al-bano\/\"> [&#8230;]<\/a><\/p>\n","protected":false},"author":1,"featured_media":652,"comment_status":"closed","ping_status":"closed","sticky":false,"template":"","format":"standard","meta":{"footnotes":""},"categories":[5],"tags":[],"class_list":["post-651","post","type-post","status-publish","format-standard","has-post-thumbnail","hentry","category-salud"],"_links":{"self":[{"href":"https:\/\/sertv.gob.pa\/nacionalfm\/wp-json\/wp\/v2\/posts\/651","targetHints":{"allow":["GET"]}}],"collection":[{"href":"https:\/\/sertv.gob.pa\/nacionalfm\/wp-json\/wp\/v2\/posts"}],"about":[{"href":"https:\/\/sertv.gob.pa\/nacionalfm\/wp-json\/wp\/v2\/types\/post"}],"author":[{"embeddable":true,"href":"https:\/\/sertv.gob.pa\/nacionalfm\/wp-json\/wp\/v2\/users\/1"}],"replies":[{"embeddable":true,"href":"https:\/\/sertv.gob.pa\/nacionalfm\/wp-json\/wp\/v2\/comments?post=651"}],"version-history":[{"count":0,"href":"https:\/\/sertv.gob.pa\/nacionalfm\/wp-json\/wp\/v2\/posts\/651\/revisions"}],"wp:featuredmedia":[{"embeddable":true,"href":"https:\/\/sertv.gob.pa\/nacionalfm\/wp-json\/wp\/v2\/media\/652"}],"wp:attachment":[{"href":"https:\/\/sertv.gob.pa\/nacionalfm\/wp-json\/wp\/v2\/media?parent=651"}],"wp:term":[{"taxonomy":"category","embeddable":true,"href":"https:\/\/sertv.gob.pa\/nacionalfm\/wp-json\/wp\/v2\/categories?post=651"},{"taxonomy":"post_tag","embeddable":true,"href":"https:\/\/sertv.gob.pa\/nacionalfm\/wp-json\/wp\/v2\/tags?post=651"}],"curies":[{"name":"wp","href":"https:\/\/api.w.org\/{rel}","templated":true}]}}