{"id":6514,"date":"2015-08-03T19:03:16","date_gmt":"2015-08-03T19:03:16","guid":{"rendered":""},"modified":"2015-08-03T19:03:16","modified_gmt":"2015-08-03T19:03:16","slug":"semana-mundial-de-la-lactancia-materna","status":"publish","type":"post","link":"https:\/\/sertv.gob.pa\/nacionalfm\/semana-mundial-de-la-lactancia-materna\/","title":{"rendered":"Semana Mundial de la Lactancia Materna"},"content":{"rendered":"<p>\nLa lactancia materna es la manera ideal de aportar a los ni\u00f1os los nutrientes para un crecimiento y desarrollo saludables. Por esta raz\u00f3n, la lactancia debe ser exclusivamente materna en los primeros seis meses de vida, reitera la Organizaci\u00f3n Mundial de la Salud (OMS). <\/p>\n<p>En Panam\u00e1, el porcentaje de ni\u00f1os amamantados durante los primeros seis meses es de 21.5%, seg\u00fan la \u00faltima encuesta de Indicadores M\u00faltiples por Conglomerados 2013 (IMC 2013). Cifra que baj\u00f3 con respecto a la hecha en 2009, la cual registr\u00f3 un 27.5%. <\/p>\n<p>Un factor influyente en esta situaci\u00f3n, considera la  OMS , es que muchas madres que reanudan sus actividades laborales abandonan la lactancia materna parcial o totalmente, porque no tienen el tiempo suficiente o no disponen de instalaciones adecuadas para dar el pecho o extraerse y recoger la leche. <\/p>\n<p>Para este a\u00f1o, la  Semana Mundial de la Lactancia Materna , que se celebra hasta el 7 de agosto, se centra en las mujeres trabajadoras y el periodo de lactancia, con el lema \u00abAmamantar y trabajar: \u00a1logremos que sea posible!\u00bb. <\/p>\n<p>\u00a0 <\/p>\n","protected":false},"excerpt":{"rendered":"<p>La lactancia materna es la manera ideal de aportar a <a href=\"https:\/\/sertv.gob.pa\/nacionalfm\/semana-mundial-de-la-lactancia-materna\/\"> [&#8230;]<\/a><\/p>\n","protected":false},"author":1,"featured_media":6515,"comment_status":"closed","ping_status":"closed","sticky":false,"template":"","format":"standard","meta":{"footnotes":""},"categories":[5],"tags":[],"class_list":["post-6514","post","type-post","status-publish","format-standard","has-post-thumbnail","hentry","category-salud"],"_links":{"self":[{"href":"https:\/\/sertv.gob.pa\/nacionalfm\/wp-json\/wp\/v2\/posts\/6514","targetHints":{"allow":["GET"]}}],"collection":[{"href":"https:\/\/sertv.gob.pa\/nacionalfm\/wp-json\/wp\/v2\/posts"}],"about":[{"href":"https:\/\/sertv.gob.pa\/nacionalfm\/wp-json\/wp\/v2\/types\/post"}],"author":[{"embeddable":true,"href":"https:\/\/sertv.gob.pa\/nacionalfm\/wp-json\/wp\/v2\/users\/1"}],"replies":[{"embeddable":true,"href":"https:\/\/sertv.gob.pa\/nacionalfm\/wp-json\/wp\/v2\/comments?post=6514"}],"version-history":[{"count":0,"href":"https:\/\/sertv.gob.pa\/nacionalfm\/wp-json\/wp\/v2\/posts\/6514\/revisions"}],"wp:featuredmedia":[{"embeddable":true,"href":"https:\/\/sertv.gob.pa\/nacionalfm\/wp-json\/wp\/v2\/media\/6515"}],"wp:attachment":[{"href":"https:\/\/sertv.gob.pa\/nacionalfm\/wp-json\/wp\/v2\/media?parent=6514"}],"wp:term":[{"taxonomy":"category","embeddable":true,"href":"https:\/\/sertv.gob.pa\/nacionalfm\/wp-json\/wp\/v2\/categories?post=6514"},{"taxonomy":"post_tag","embeddable":true,"href":"https:\/\/sertv.gob.pa\/nacionalfm\/wp-json\/wp\/v2\/tags?post=6514"}],"curies":[{"name":"wp","href":"https:\/\/api.w.org\/{rel}","templated":true}]}}