{"id":6518,"date":"2015-08-03T19:15:20","date_gmt":"2015-08-03T19:15:20","guid":{"rendered":""},"modified":"2015-08-03T19:15:20","modified_gmt":"2015-08-03T19:15:20","slug":"nueva-terapia-contra-el-cancer-promueven-en-chile","status":"publish","type":"post","link":"https:\/\/sertv.gob.pa\/nacionalfm\/nueva-terapia-contra-el-cancer-promueven-en-chile\/","title":{"rendered":"Nueva terapia contra el c\u00e1ncer promueven en Chile"},"content":{"rendered":"<p>\nUna novedosa terapia fue presentada en Santiago para atacar las  c\u00e9lulas cancer\u00edgenas  en el ser humano, mediante el incremento de la respuesta antitumoral del propio organismo. <\/p>\n<p>En la actualidad, esa terapia se halla en la etapa precl\u00ednica, y su creador es el doctor Claudio Acu\u00f1a, investigador de la Universidad de Santiago, quien manifest\u00f3 que pronto ser\u00eda patentada en Estados Unidos. <\/p>\n<p>Asegur\u00f3 que el objetivo \u00abes  generar una vacuna para personas que ya presentan c\u00e1ncer, que permita mejorar su respuesta inmunol\u00f3gica contra los tumores.  No esperamos revertir el c\u00e1ncer, pero s\u00ed ofrecer una alternativa\u00bb. <\/p>\n<p>Explic\u00f3 que el tratamiento pretende estimular al organismo del paciente para enfrentar los efectos del c\u00e1ncer en etapas avanzadas, reiterando que el prop\u00f3sito final es generar una vacuna para las personas que ya presentan el c\u00e1ncer, que les permita reforzar su respuesta inmunol\u00f3gica contra los tumores\u00bb. <\/p>\n<p>Asegur\u00f3 que \u00abdebemos esperar por la aprobaci\u00f3n de las patentes para ir hacia las otras etapas. Nuestro proyecto se enfoca en mejorar la calidad de vida de los pacientes a largo plazo y generar una terapia complementaria a las terapias convencionales\u00bb. <\/p>\n<p>\u00a0 <\/p>\n","protected":false},"excerpt":{"rendered":"<p>Una novedosa terapia fue presentada en Santiago para atacar las <a href=\"https:\/\/sertv.gob.pa\/nacionalfm\/nueva-terapia-contra-el-cancer-promueven-en-chile\/\"> [&#8230;]<\/a><\/p>\n","protected":false},"author":1,"featured_media":6519,"comment_status":"closed","ping_status":"closed","sticky":false,"template":"","format":"standard","meta":{"footnotes":""},"categories":[5],"tags":[],"class_list":["post-6518","post","type-post","status-publish","format-standard","has-post-thumbnail","hentry","category-salud"],"_links":{"self":[{"href":"https:\/\/sertv.gob.pa\/nacionalfm\/wp-json\/wp\/v2\/posts\/6518","targetHints":{"allow":["GET"]}}],"collection":[{"href":"https:\/\/sertv.gob.pa\/nacionalfm\/wp-json\/wp\/v2\/posts"}],"about":[{"href":"https:\/\/sertv.gob.pa\/nacionalfm\/wp-json\/wp\/v2\/types\/post"}],"author":[{"embeddable":true,"href":"https:\/\/sertv.gob.pa\/nacionalfm\/wp-json\/wp\/v2\/users\/1"}],"replies":[{"embeddable":true,"href":"https:\/\/sertv.gob.pa\/nacionalfm\/wp-json\/wp\/v2\/comments?post=6518"}],"version-history":[{"count":0,"href":"https:\/\/sertv.gob.pa\/nacionalfm\/wp-json\/wp\/v2\/posts\/6518\/revisions"}],"wp:featuredmedia":[{"embeddable":true,"href":"https:\/\/sertv.gob.pa\/nacionalfm\/wp-json\/wp\/v2\/media\/6519"}],"wp:attachment":[{"href":"https:\/\/sertv.gob.pa\/nacionalfm\/wp-json\/wp\/v2\/media?parent=6518"}],"wp:term":[{"taxonomy":"category","embeddable":true,"href":"https:\/\/sertv.gob.pa\/nacionalfm\/wp-json\/wp\/v2\/categories?post=6518"},{"taxonomy":"post_tag","embeddable":true,"href":"https:\/\/sertv.gob.pa\/nacionalfm\/wp-json\/wp\/v2\/tags?post=6518"}],"curies":[{"name":"wp","href":"https:\/\/api.w.org\/{rel}","templated":true}]}}