{"id":6544,"date":"2015-08-04T19:01:12","date_gmt":"2015-08-04T19:01:12","guid":{"rendered":""},"modified":"2015-08-04T19:01:12","modified_gmt":"2015-08-04T19:01:12","slug":"estudio-clinico-confirma-eficacia-de-vacuna-contra-el-dengue","status":"publish","type":"post","link":"https:\/\/sertv.gob.pa\/nacionalfm\/estudio-clinico-confirma-eficacia-de-vacuna-contra-el-dengue\/","title":{"rendered":"Estudio cl\u00ednico confirma eficacia de vacuna contra el dengue"},"content":{"rendered":"<p>\nLa vacuna contra el dengue del laboratorio franc\u00e9s Sanofi es eficaz en m\u00e1s de 80% de los afectados de esta infecci\u00f3n tropical transmitida por el mosquito, seg\u00fan un nuevo an\u00e1lisis independiente publicado. <\/p>\n<p>La vacuna experimental permiti\u00f3 evitar la hospitalizaci\u00f3n de 80,8% de los ni\u00f1os de nueve a\u00f1os en adelante que participaron en dos pruebas cl\u00ednicas analizadas por la revista m\u00e9dica estadounidense New England Journal of Medicine (NEJM).\u00a0 <\/p>\n<p>Para los m\u00e1s j\u00f3venes (dos a ocho a\u00f1os), la eficacia promedio fue de 56%.La vacuna asimismo protege en 93,2% contra la forma m\u00e1s grave de la enfermedad en el grupo de nueve a 16 a\u00f1os; y en 44,5% en el grupo de dos a ocho a\u00f1os, precisaron los autores del an\u00e1lisis. <\/p>\n<p>No obstante, igualmente se not\u00f3 un incremento inexplicable de casos de hospitalizaci\u00f3n por dengue durante el tercer a\u00f1o de la vacunaci\u00f3n entre los ni\u00f1os de menos de nueve a\u00f1os, lo cual deber\u00eda ser \u00abcuidadosamente vigilado\u00bb en el largo plazo. <\/p>\n<p>Pero, aparte de esto, \u00abel riesgo de contraer dengue era menor entre los ni\u00f1os vacunados que entre los que no lo estaban\u00bb, concluyeron los investigadores. Sanofi indic\u00f3 en un comunicado que \u00abesta vacuna experimental tiene el potencial de disminuir significativamente la carga que significa esta enfermedad en los pa\u00edses donde es end\u00e9mica\u00bb. <\/p>\n<p>Los datos publicados en la revista NEJM corresponden a un per\u00edodo de seguimiento de tres a seis a\u00f1os de dos pruebas cl\u00ednicas sobre 10.275 y 20.869 sujetos, respectivamente.\u00a0 <\/p>\n<p>Los participantes proven\u00edan del Pac\u00edfico asi\u00e1tico y de las regiones tropicales y subtropicales de Am\u00e9rica Latina. <\/p>\n<p>\u00a0 <\/p>\n","protected":false},"excerpt":{"rendered":"<p>La vacuna contra el dengue del laboratorio franc\u00e9s Sanofi es <a href=\"https:\/\/sertv.gob.pa\/nacionalfm\/estudio-clinico-confirma-eficacia-de-vacuna-contra-el-dengue\/\"> [&#8230;]<\/a><\/p>\n","protected":false},"author":1,"featured_media":6545,"comment_status":"closed","ping_status":"closed","sticky":false,"template":"","format":"standard","meta":{"footnotes":""},"categories":[5],"tags":[],"class_list":["post-6544","post","type-post","status-publish","format-standard","has-post-thumbnail","hentry","category-salud"],"_links":{"self":[{"href":"https:\/\/sertv.gob.pa\/nacionalfm\/wp-json\/wp\/v2\/posts\/6544","targetHints":{"allow":["GET"]}}],"collection":[{"href":"https:\/\/sertv.gob.pa\/nacionalfm\/wp-json\/wp\/v2\/posts"}],"about":[{"href":"https:\/\/sertv.gob.pa\/nacionalfm\/wp-json\/wp\/v2\/types\/post"}],"author":[{"embeddable":true,"href":"https:\/\/sertv.gob.pa\/nacionalfm\/wp-json\/wp\/v2\/users\/1"}],"replies":[{"embeddable":true,"href":"https:\/\/sertv.gob.pa\/nacionalfm\/wp-json\/wp\/v2\/comments?post=6544"}],"version-history":[{"count":0,"href":"https:\/\/sertv.gob.pa\/nacionalfm\/wp-json\/wp\/v2\/posts\/6544\/revisions"}],"wp:featuredmedia":[{"embeddable":true,"href":"https:\/\/sertv.gob.pa\/nacionalfm\/wp-json\/wp\/v2\/media\/6545"}],"wp:attachment":[{"href":"https:\/\/sertv.gob.pa\/nacionalfm\/wp-json\/wp\/v2\/media?parent=6544"}],"wp:term":[{"taxonomy":"category","embeddable":true,"href":"https:\/\/sertv.gob.pa\/nacionalfm\/wp-json\/wp\/v2\/categories?post=6544"},{"taxonomy":"post_tag","embeddable":true,"href":"https:\/\/sertv.gob.pa\/nacionalfm\/wp-json\/wp\/v2\/tags?post=6544"}],"curies":[{"name":"wp","href":"https:\/\/api.w.org\/{rel}","templated":true}]}}