{"id":6548,"date":"2015-08-04T19:13:04","date_gmt":"2015-08-04T19:13:04","guid":{"rendered":""},"modified":"2015-08-04T19:13:04","modified_gmt":"2015-08-04T19:13:04","slug":"cientificos-laboran-en-la-primera-biblioteca-de-cerebros-humanos","status":"publish","type":"post","link":"https:\/\/sertv.gob.pa\/nacionalfm\/cientificos-laboran-en-la-primera-biblioteca-de-cerebros-humanos\/","title":{"rendered":"Cient\u00edficos laboran en la primera biblioteca de cerebros humanos"},"content":{"rendered":"<p>\nUna  biblioteca  de cerebros. Una literal y real biblioteca de  cerebros humanos . <\/p>\n<p>Aunque suene a alguna historia algo siniestra o de ciencia ficci\u00f3n, existe un proyecto en  Estados Unidos  que colecciona y estudia mentes. Su nombre es  The Human Brain Library , comenz\u00f3 en 2010 y su sede ser\u00e1 virtual. <\/p>\n<p>El cerebro es para el cuerpo como la &ldquo; caja negra &rdquo; de los aviones, ese archivo donde todo se va registrando, plantea el doctor Jacopo Annese, director del  Observatorio Cerebral de Washington , donde se desarrolla  The Human Brain Library . <\/p>\n<p>Y la meta del laboratorio, contin\u00faa Annesse, es crear un  mapa microsc\u00f3pico del cerebro humano  para tener acceso a esa informaci\u00f3n o recuerdos y tratar de entender c\u00f3mo afect\u00f3 a esa persona la dieta que llev\u00f3, su trabajo, sus costumbres, los  medicamentos  que tom\u00f3, su entorno y tambi\u00e9n determinar en qu\u00e9 momento y por qu\u00e9 present\u00f3 enfermedades, especialmente las que hoy guardan profundos misterios. <\/p>\n<p>Todo es posible mediante  estudios cerebrales  previos y posteriores al deceso de los donantes, personas que conocieron la iniciativa y quisieron participar. <\/p>\n<p>Annese explica que al escanear un cerebro vivo durante a\u00f1os y luego analizar con detalle sus tejidos cuando la persona fallece, se puede &ldquo;pintar un \u00f3leo&rdquo; con los datos que la ciencia de hoy interpreta de forma somera, &ldquo;apenas la punta del  iceberg &rdquo;, pero que en 50 a\u00f1os permitir\u00e1n tener un panorama m\u00e1s claro para hallar respuestas que hoy no existen. <\/p>\n<p>Por ahora, Annese comparte los resultados m\u00e1s concretos luego de &ldquo;  leer &rdquo; por a\u00f1os decenas y decenas de cerebros <\/p>\n<p>Existen varias teor\u00edas sobre el llamado  fitness  de la mente, pero lo mejor para la salud del cerebro es practicar  yoga, meditaci\u00f3n, ejercicios de respiraci\u00f3n  o cualquier actividad relajante que incite la liberaci\u00f3n de estr\u00e9s. <\/p>\n<p>Eso es lo que muestran las lecturas que ha hecho por a\u00f1os el doctor  Jacopo Annese  en cerebros vivos y conservados en el Observatorio Cerebral de Washington, Estados Unidos. <\/p>\n<p>Una correcta alimentaci\u00f3n y rutinas de  ejercicios f\u00edsicos  son el mejor complemento para tener una mente libre de males, a\u00f1ade Annese, porque &ldquo;todo lo bueno para el coraz\u00f3n lo es tambi\u00e9n para el cerebro&rdquo;. <\/p>\n<p>\u00a0 <\/p>\n<p>\u00a0 <\/p>\n","protected":false},"excerpt":{"rendered":"<p>Una biblioteca de cerebros. Una literal y real biblioteca de <a href=\"https:\/\/sertv.gob.pa\/nacionalfm\/cientificos-laboran-en-la-primera-biblioteca-de-cerebros-humanos\/\"> [&#8230;]<\/a><\/p>\n","protected":false},"author":1,"featured_media":6549,"comment_status":"closed","ping_status":"closed","sticky":false,"template":"","format":"standard","meta":{"footnotes":""},"categories":[5],"tags":[],"class_list":["post-6548","post","type-post","status-publish","format-standard","has-post-thumbnail","hentry","category-salud"],"_links":{"self":[{"href":"https:\/\/sertv.gob.pa\/nacionalfm\/wp-json\/wp\/v2\/posts\/6548","targetHints":{"allow":["GET"]}}],"collection":[{"href":"https:\/\/sertv.gob.pa\/nacionalfm\/wp-json\/wp\/v2\/posts"}],"about":[{"href":"https:\/\/sertv.gob.pa\/nacionalfm\/wp-json\/wp\/v2\/types\/post"}],"author":[{"embeddable":true,"href":"https:\/\/sertv.gob.pa\/nacionalfm\/wp-json\/wp\/v2\/users\/1"}],"replies":[{"embeddable":true,"href":"https:\/\/sertv.gob.pa\/nacionalfm\/wp-json\/wp\/v2\/comments?post=6548"}],"version-history":[{"count":0,"href":"https:\/\/sertv.gob.pa\/nacionalfm\/wp-json\/wp\/v2\/posts\/6548\/revisions"}],"wp:featuredmedia":[{"embeddable":true,"href":"https:\/\/sertv.gob.pa\/nacionalfm\/wp-json\/wp\/v2\/media\/6549"}],"wp:attachment":[{"href":"https:\/\/sertv.gob.pa\/nacionalfm\/wp-json\/wp\/v2\/media?parent=6548"}],"wp:term":[{"taxonomy":"category","embeddable":true,"href":"https:\/\/sertv.gob.pa\/nacionalfm\/wp-json\/wp\/v2\/categories?post=6548"},{"taxonomy":"post_tag","embeddable":true,"href":"https:\/\/sertv.gob.pa\/nacionalfm\/wp-json\/wp\/v2\/tags?post=6548"}],"curies":[{"name":"wp","href":"https:\/\/api.w.org\/{rel}","templated":true}]}}