{"id":6588,"date":"2015-08-06T18:38:37","date_gmt":"2015-08-06T18:38:37","guid":{"rendered":""},"modified":"2015-08-06T18:38:37","modified_gmt":"2015-08-06T18:38:37","slug":"eu-teme-incremento-de-infecciones-resistentes-a-los-antibioticos","status":"publish","type":"post","link":"https:\/\/sertv.gob.pa\/nacionalfm\/eu-teme-incremento-de-infecciones-resistentes-a-los-antibioticos\/","title":{"rendered":"EU teme incremento de infecciones resistentes a los antibi\u00f3ticos"},"content":{"rendered":"<p>\nLas autoridades sanitarias de Estados Unidos (EU) proyectaron un aumento en el n\u00famero de infecciones resistentes a los antibi\u00f3ticos en el pa\u00eds, si no mejoran las medidas de control de esas patolog\u00edas y la prescripci\u00f3n de esta clase de f\u00e1rmacos, seg\u00fan un informe oficial. <\/p>\n<p>\u00abLas infecciones resistentes a los antibi\u00f3ticos en entornos de atenci\u00f3n m\u00e9dica son una amenaza creciente en EU, y matan a miles y miles de personas cada a\u00f1o\u00bb, declar\u00f3 Tom Frieden, director de los Centros de Control y Prevenci\u00f3n de Enfermedades (CDC). <\/p>\n<p>El funcionario destac\u00f3 la necesidad de crear m\u00e1s conciencia sobre los riesgos del uso inadecuado de los antibi\u00f3ticos y la importancia de establecer esfuerzos coordinados para detener el problema. <\/p>\n<p>\u00abPodemos reducir en forma significativa estas infecciones si los establecimientos de atenci\u00f3n m\u00e9dica, los asilos de ancianos y los departamentos de salud p\u00fablica colaboran para mejorar el uso de antibi\u00f3ticos y las medidas de control de infecciones para que los pacientes est\u00e9n protegidos\u00bb, agreg\u00f3. <\/p>\n<p>\u00a0 <\/p>\n","protected":false},"excerpt":{"rendered":"<p>Las autoridades sanitarias de Estados Unidos (EU) proyectaron un aumento <a href=\"https:\/\/sertv.gob.pa\/nacionalfm\/eu-teme-incremento-de-infecciones-resistentes-a-los-antibioticos\/\"> [&#8230;]<\/a><\/p>\n","protected":false},"author":1,"featured_media":6589,"comment_status":"closed","ping_status":"closed","sticky":false,"template":"","format":"standard","meta":{"footnotes":""},"categories":[5],"tags":[],"class_list":["post-6588","post","type-post","status-publish","format-standard","has-post-thumbnail","hentry","category-salud"],"_links":{"self":[{"href":"https:\/\/sertv.gob.pa\/nacionalfm\/wp-json\/wp\/v2\/posts\/6588","targetHints":{"allow":["GET"]}}],"collection":[{"href":"https:\/\/sertv.gob.pa\/nacionalfm\/wp-json\/wp\/v2\/posts"}],"about":[{"href":"https:\/\/sertv.gob.pa\/nacionalfm\/wp-json\/wp\/v2\/types\/post"}],"author":[{"embeddable":true,"href":"https:\/\/sertv.gob.pa\/nacionalfm\/wp-json\/wp\/v2\/users\/1"}],"replies":[{"embeddable":true,"href":"https:\/\/sertv.gob.pa\/nacionalfm\/wp-json\/wp\/v2\/comments?post=6588"}],"version-history":[{"count":0,"href":"https:\/\/sertv.gob.pa\/nacionalfm\/wp-json\/wp\/v2\/posts\/6588\/revisions"}],"wp:featuredmedia":[{"embeddable":true,"href":"https:\/\/sertv.gob.pa\/nacionalfm\/wp-json\/wp\/v2\/media\/6589"}],"wp:attachment":[{"href":"https:\/\/sertv.gob.pa\/nacionalfm\/wp-json\/wp\/v2\/media?parent=6588"}],"wp:term":[{"taxonomy":"category","embeddable":true,"href":"https:\/\/sertv.gob.pa\/nacionalfm\/wp-json\/wp\/v2\/categories?post=6588"},{"taxonomy":"post_tag","embeddable":true,"href":"https:\/\/sertv.gob.pa\/nacionalfm\/wp-json\/wp\/v2\/tags?post=6588"}],"curies":[{"name":"wp","href":"https:\/\/api.w.org\/{rel}","templated":true}]}}