{"id":6602,"date":"2015-08-07T15:56:37","date_gmt":"2015-08-07T15:56:37","guid":{"rendered":""},"modified":"2015-08-07T15:56:37","modified_gmt":"2015-08-07T15:56:37","slug":"no-existe-desabastecimiento-de-farmacos-segun-minsa","status":"publish","type":"post","link":"https:\/\/sertv.gob.pa\/nacionalfm\/no-existe-desabastecimiento-de-farmacos-segun-minsa\/","title":{"rendered":"No existe desabastecimiento de f\u00e1rmacos, seg\u00fan Minsa"},"content":{"rendered":"<p>\nWalkiria Tejada, jefa del departamento de Proveedur\u00eda y Compras del Ministerio de Salud, asegur\u00f3 que no \u00abexiste desabastecimiento de medicamentos como se dice\u00bb <\/p>\n<p>La funcionaria del Minsa explic\u00f3 que en el Hospital Santo Tom\u00e1s hay un 83% de insumos y medicamentos, y en las direcciones regionales -centros de salud entre un 80% y 82% . <\/p>\n<p>Tejada destac\u00f3 que en las cl\u00ednicas que atienden los casos de VIH-SIDA existen f\u00e1rmacos hasta para 6 meses y est\u00e1n por llegar m\u00e1s. <\/p>\n<p>Insisti\u00f3 que tanto el Ministerio de Salud y la Caja de Seguro Social (CSS) est\u00e1n recibiendo medicinas suficientes para suplir a los pacientes. <\/p>\n","protected":false},"excerpt":{"rendered":"<p>Walkiria Tejada, jefa del departamento de Proveedur\u00eda y Compras del <a href=\"https:\/\/sertv.gob.pa\/nacionalfm\/no-existe-desabastecimiento-de-farmacos-segun-minsa\/\"> [&#8230;]<\/a><\/p>\n","protected":false},"author":1,"featured_media":6603,"comment_status":"closed","ping_status":"closed","sticky":false,"template":"","format":"standard","meta":{"footnotes":""},"categories":[5],"tags":[],"class_list":["post-6602","post","type-post","status-publish","format-standard","has-post-thumbnail","hentry","category-salud"],"_links":{"self":[{"href":"https:\/\/sertv.gob.pa\/nacionalfm\/wp-json\/wp\/v2\/posts\/6602","targetHints":{"allow":["GET"]}}],"collection":[{"href":"https:\/\/sertv.gob.pa\/nacionalfm\/wp-json\/wp\/v2\/posts"}],"about":[{"href":"https:\/\/sertv.gob.pa\/nacionalfm\/wp-json\/wp\/v2\/types\/post"}],"author":[{"embeddable":true,"href":"https:\/\/sertv.gob.pa\/nacionalfm\/wp-json\/wp\/v2\/users\/1"}],"replies":[{"embeddable":true,"href":"https:\/\/sertv.gob.pa\/nacionalfm\/wp-json\/wp\/v2\/comments?post=6602"}],"version-history":[{"count":0,"href":"https:\/\/sertv.gob.pa\/nacionalfm\/wp-json\/wp\/v2\/posts\/6602\/revisions"}],"wp:featuredmedia":[{"embeddable":true,"href":"https:\/\/sertv.gob.pa\/nacionalfm\/wp-json\/wp\/v2\/media\/6603"}],"wp:attachment":[{"href":"https:\/\/sertv.gob.pa\/nacionalfm\/wp-json\/wp\/v2\/media?parent=6602"}],"wp:term":[{"taxonomy":"category","embeddable":true,"href":"https:\/\/sertv.gob.pa\/nacionalfm\/wp-json\/wp\/v2\/categories?post=6602"},{"taxonomy":"post_tag","embeddable":true,"href":"https:\/\/sertv.gob.pa\/nacionalfm\/wp-json\/wp\/v2\/tags?post=6602"}],"curies":[{"name":"wp","href":"https:\/\/api.w.org\/{rel}","templated":true}]}}