{"id":6604,"date":"2015-08-07T16:09:56","date_gmt":"2015-08-07T16:09:56","guid":{"rendered":""},"modified":"2015-08-07T16:09:56","modified_gmt":"2015-08-07T16:09:56","slug":"decalogo-para-construir-una-buena-autoestima","status":"publish","type":"post","link":"https:\/\/sertv.gob.pa\/nacionalfm\/decalogo-para-construir-una-buena-autoestima\/","title":{"rendered":"Dec\u00e1logo para construir una buena autoestima"},"content":{"rendered":"\n<p> La base para solucionar los problemas est\u00e1 en mejorar la autoestima   <\/p>\n<p> En cualquier momento y a cualquier edad podemos cambiar y mejorarla   <\/p>\n<p> 10 claves para mejorar nuestra autoestima  <\/p>\n<p>Aprender a valorar las cualidades personales que todos tenemos <\/p>\n<p>Disminuir el perfeccionismo y aceptar que todos cometemos errores <\/p>\n<p>Hacer aquello que siempre hemos querido hacer y no nos hemos atrevido <\/p>\n<p>Actuar con independencia, atreverse <\/p>\n<p>Afrontar nuevos retos, arriesgarse <\/p>\n<p>Recordar los \u00e9xitos que hemos conseguido en la vida <\/p>\n<p>Identificar las &#8216;voces cr\u00edticas&#8217; que todos tenemos en alg\u00fan momento y aprender a cambiarlas por otras m\u00e1s positivas <\/p>\n<p>Aprender a cuidarnos y a tener en cuenta los deseos y necesidades <\/p>\n<p>Dejar de hacer listados de &#8216;tareas pendientes&#8217; <\/p>\n<p>Hacer la vida f\u00e1cil: dejar de hacer aquellas peque\u00f1as cosas que bajan el \u00e1nimo y no son necesarias y gastar esos esfuerzos en aquellas que s\u00ed hacen sentir mejor <\/p>\n","protected":false},"excerpt":{"rendered":"<p>La base para solucionar los problemas est\u00e1 en mejorar la <a href=\"https:\/\/sertv.gob.pa\/nacionalfm\/decalogo-para-construir-una-buena-autoestima\/\"> [&#8230;]<\/a><\/p>\n","protected":false},"author":1,"featured_media":6605,"comment_status":"closed","ping_status":"closed","sticky":false,"template":"","format":"standard","meta":{"footnotes":""},"categories":[5],"tags":[],"class_list":["post-6604","post","type-post","status-publish","format-standard","has-post-thumbnail","hentry","category-salud"],"_links":{"self":[{"href":"https:\/\/sertv.gob.pa\/nacionalfm\/wp-json\/wp\/v2\/posts\/6604","targetHints":{"allow":["GET"]}}],"collection":[{"href":"https:\/\/sertv.gob.pa\/nacionalfm\/wp-json\/wp\/v2\/posts"}],"about":[{"href":"https:\/\/sertv.gob.pa\/nacionalfm\/wp-json\/wp\/v2\/types\/post"}],"author":[{"embeddable":true,"href":"https:\/\/sertv.gob.pa\/nacionalfm\/wp-json\/wp\/v2\/users\/1"}],"replies":[{"embeddable":true,"href":"https:\/\/sertv.gob.pa\/nacionalfm\/wp-json\/wp\/v2\/comments?post=6604"}],"version-history":[{"count":0,"href":"https:\/\/sertv.gob.pa\/nacionalfm\/wp-json\/wp\/v2\/posts\/6604\/revisions"}],"wp:featuredmedia":[{"embeddable":true,"href":"https:\/\/sertv.gob.pa\/nacionalfm\/wp-json\/wp\/v2\/media\/6605"}],"wp:attachment":[{"href":"https:\/\/sertv.gob.pa\/nacionalfm\/wp-json\/wp\/v2\/media?parent=6604"}],"wp:term":[{"taxonomy":"category","embeddable":true,"href":"https:\/\/sertv.gob.pa\/nacionalfm\/wp-json\/wp\/v2\/categories?post=6604"},{"taxonomy":"post_tag","embeddable":true,"href":"https:\/\/sertv.gob.pa\/nacionalfm\/wp-json\/wp\/v2\/tags?post=6604"}],"curies":[{"name":"wp","href":"https:\/\/api.w.org\/{rel}","templated":true}]}}