{"id":66295,"date":"2021-03-17T17:16:11","date_gmt":"2021-03-17T17:16:11","guid":{"rendered":"https:\/\/sertv.gob.pa\/nacionalfm\/?p=66295"},"modified":"2021-03-17T17:16:11","modified_gmt":"2021-03-17T17:16:11","slug":"la-vacuna-de-janssen-podra-utilizarse-en-mujeres-embarazadas-y-lactantes","status":"publish","type":"post","link":"https:\/\/sertv.gob.pa\/nacionalfm\/la-vacuna-de-janssen-podra-utilizarse-en-mujeres-embarazadas-y-lactantes\/","title":{"rendered":"La vacuna de Janssen podr\u00e1 utilizarse en mujeres embarazadas y lactantes"},"content":{"rendered":"<p><strong><em>Ginebra, (EFE).- <\/em><\/strong><\/p>\n<p>&nbsp;<\/p>\n<p>La vacuna de la farmac\u00e9utica Janssen, que ha recibido una autorizaci\u00f3n de uso de emergencia por parte de la Organizaci\u00f3n Mundial de la Salud (OMS), podr\u00e1 ser utilizada en mujeres embarazadas y lactantes, dijo hoy un grupo de expertos en inmunizaci\u00f3n.<\/p>\n<p>Se trata de la primer vacuna aprobada que requiere una sola dosis para generar inmunidad contra la covid-19.<\/p>\n<p>El grupo de cient\u00edficos que ofrece asesor\u00eda estrat\u00e9gica en inmunizaciones a la OMS indic\u00f3 que la misma plataforma tecnol\u00f3gica utilizada para la vacuna de Janssen fue usada en el pasado para producir otras vacunas que se han mostrado seguras en mujeres embarazas y lactantes.<\/p>\n<p>No se recomienda que las mujeres en gestaci\u00f3n pasen un test de covid-19 antes de vacunarse ni que consideren retardar un embarazo por haber recibido la vacuna.<\/p>\n<p>Para las mujeres que caen en la segunda categor\u00eda, la OMS no recomienda interrumpir la lactancia tras haber sido vacunadas.<\/p>\n<p>La vacuna de Janssen (filial de la estadounidense Jonhson &amp; Jonhson) ha mostrado un nivel de seguridad y eficacia que la convierte en un instrumento m\u00e1s para el control de la pandemia y ofrece la ventaja de que, al requerir una \u00fanica dosis, m\u00e1s gente podr\u00e1 ser vacunada, se\u00f1al\u00f3 el grupo.<\/p>\n<p>La \u00fanica contraindicaci\u00f3n que han se\u00f1alado los expertos es la alergia a uno de sus componentes, aunque esta vacuna est\u00e1 libre de adyuvantes, preservantes, material de origen animal o tejido fetal.<\/p>\n<p>La recomendaci\u00f3n emitida por los expertos indica que esta vacuna ha mostrado en los ensayos cl\u00ednicos una eficacia de 76,7 % contra episodios severos de covid-19 despu\u00e9s de 14 d\u00edas de la inyecci\u00f3n y de 85,4 % despu\u00e9s de 28 d\u00edas.<\/p>\n<p>En cuanto a evitar hospitalizaciones, su eficacia estimada es del 93 % y del 70% contra casos sintom\u00e1ticos de covid-19.<\/p>\n<p>Como el resto de vacunas que se est\u00e1n usando, la de Janssen debe administrarse bajo supervisi\u00f3n profesional y se debe contar con un tratamiento m\u00e9dico a mano en caso de una reacci\u00f3n al\u00e9rgica.<\/p>\n<p>&nbsp;<\/p>\n<p>Fuente: EFE<\/p>\n","protected":false},"excerpt":{"rendered":"<p>Ginebra, (EFE).- &nbsp; La vacuna de la farmac\u00e9utica Janssen, que <a href=\"https:\/\/sertv.gob.pa\/nacionalfm\/la-vacuna-de-janssen-podra-utilizarse-en-mujeres-embarazadas-y-lactantes\/\"> [&#8230;]<\/a><\/p>\n","protected":false},"author":9,"featured_media":66296,"comment_status":"closed","ping_status":"closed","sticky":false,"template":"","format":"standard","meta":{"footnotes":""},"categories":[3],"tags":[],"class_list":["post-66295","post","type-post","status-publish","format-standard","has-post-thumbnail","hentry","category-internacionales"],"_links":{"self":[{"href":"https:\/\/sertv.gob.pa\/nacionalfm\/wp-json\/wp\/v2\/posts\/66295","targetHints":{"allow":["GET"]}}],"collection":[{"href":"https:\/\/sertv.gob.pa\/nacionalfm\/wp-json\/wp\/v2\/posts"}],"about":[{"href":"https:\/\/sertv.gob.pa\/nacionalfm\/wp-json\/wp\/v2\/types\/post"}],"author":[{"embeddable":true,"href":"https:\/\/sertv.gob.pa\/nacionalfm\/wp-json\/wp\/v2\/users\/9"}],"replies":[{"embeddable":true,"href":"https:\/\/sertv.gob.pa\/nacionalfm\/wp-json\/wp\/v2\/comments?post=66295"}],"version-history":[{"count":1,"href":"https:\/\/sertv.gob.pa\/nacionalfm\/wp-json\/wp\/v2\/posts\/66295\/revisions"}],"predecessor-version":[{"id":66297,"href":"https:\/\/sertv.gob.pa\/nacionalfm\/wp-json\/wp\/v2\/posts\/66295\/revisions\/66297"}],"wp:featuredmedia":[{"embeddable":true,"href":"https:\/\/sertv.gob.pa\/nacionalfm\/wp-json\/wp\/v2\/media\/66296"}],"wp:attachment":[{"href":"https:\/\/sertv.gob.pa\/nacionalfm\/wp-json\/wp\/v2\/media?parent=66295"}],"wp:term":[{"taxonomy":"category","embeddable":true,"href":"https:\/\/sertv.gob.pa\/nacionalfm\/wp-json\/wp\/v2\/categories?post=66295"},{"taxonomy":"post_tag","embeddable":true,"href":"https:\/\/sertv.gob.pa\/nacionalfm\/wp-json\/wp\/v2\/tags?post=66295"}],"curies":[{"name":"wp","href":"https:\/\/api.w.org\/{rel}","templated":true}]}}