{"id":663,"date":"2014-07-30T05:00:00","date_gmt":"2014-07-30T05:00:00","guid":{"rendered":""},"modified":"2014-07-30T05:00:00","modified_gmt":"2014-07-30T05:00:00","slug":"cientificos-trabajan-en-vacuna-contra-chikungunya","status":"publish","type":"post","link":"https:\/\/sertv.gob.pa\/nacionalfm\/cientificos-trabajan-en-vacuna-contra-chikungunya\/","title":{"rendered":"Cient\u00edficos trabajan en vacuna contra chikungunya"},"content":{"rendered":"<p>\nCient\u00edficos de la Universidad Estatal de Carolina del Norte trabajan con una empresa de biotecnolog\u00eda para desarrollar la primera vacuna contra el virus chikungunya. <\/p>\n<p>Raquel Hern\u00e1ndez y su esposo, Dennis Brown, han trabajado en la vacuna contra el virus que ocasiona la enfermedad desde los a\u00f1os noventa y aseguran tener la \u00abf\u00f3rmula\u00bb adecuada para prevenir el chikungunya. <\/p>\n<p>\u00abCon los casos en la Florida sabemos que ya lleg\u00f3 el virus a nuestro territorio, y solo era cuesti\u00f3n de tiempo que atacara las zonas templadas. En la India y \u00c1frica conocen lo devastador de esta enfermedad\u00bb, afirm\u00f3 a Efe Hern\u00e1ndez, de origen mexicano. <\/p>\n<p>El Chikungunya \u00a0fue inicialmente identificado en el este de \u00c1frica en la d\u00e9cada de los cincuenta y hace diez a\u00f1os el virus se extendi\u00f3 al Oc\u00e9ano \u00cdndico y la India, y unos a\u00f1os m\u00e1s tarde un brote en el norte de Italia afect\u00f3 a unos dos centenares de personas. <\/p>\n<p>Este virus, para el que no hay vacuna ni tratamiento, apareci\u00f3 por primera vez en el continente americano el pasado diciembre y el 29 de mayo fue detectado en EE.UU.\u00a0 @nacionalFm <\/p>\n<p>\u00a0 <\/p>\n","protected":false},"excerpt":{"rendered":"<p>Cient\u00edficos de la Universidad Estatal de Carolina del Norte trabajan <a href=\"https:\/\/sertv.gob.pa\/nacionalfm\/cientificos-trabajan-en-vacuna-contra-chikungunya\/\"> [&#8230;]<\/a><\/p>\n","protected":false},"author":1,"featured_media":664,"comment_status":"closed","ping_status":"closed","sticky":false,"template":"","format":"standard","meta":{"footnotes":""},"categories":[5],"tags":[],"class_list":["post-663","post","type-post","status-publish","format-standard","has-post-thumbnail","hentry","category-salud"],"_links":{"self":[{"href":"https:\/\/sertv.gob.pa\/nacionalfm\/wp-json\/wp\/v2\/posts\/663","targetHints":{"allow":["GET"]}}],"collection":[{"href":"https:\/\/sertv.gob.pa\/nacionalfm\/wp-json\/wp\/v2\/posts"}],"about":[{"href":"https:\/\/sertv.gob.pa\/nacionalfm\/wp-json\/wp\/v2\/types\/post"}],"author":[{"embeddable":true,"href":"https:\/\/sertv.gob.pa\/nacionalfm\/wp-json\/wp\/v2\/users\/1"}],"replies":[{"embeddable":true,"href":"https:\/\/sertv.gob.pa\/nacionalfm\/wp-json\/wp\/v2\/comments?post=663"}],"version-history":[{"count":0,"href":"https:\/\/sertv.gob.pa\/nacionalfm\/wp-json\/wp\/v2\/posts\/663\/revisions"}],"wp:featuredmedia":[{"embeddable":true,"href":"https:\/\/sertv.gob.pa\/nacionalfm\/wp-json\/wp\/v2\/media\/664"}],"wp:attachment":[{"href":"https:\/\/sertv.gob.pa\/nacionalfm\/wp-json\/wp\/v2\/media?parent=663"}],"wp:term":[{"taxonomy":"category","embeddable":true,"href":"https:\/\/sertv.gob.pa\/nacionalfm\/wp-json\/wp\/v2\/categories?post=663"},{"taxonomy":"post_tag","embeddable":true,"href":"https:\/\/sertv.gob.pa\/nacionalfm\/wp-json\/wp\/v2\/tags?post=663"}],"curies":[{"name":"wp","href":"https:\/\/api.w.org\/{rel}","templated":true}]}}