{"id":6654,"date":"2015-08-10T18:52:28","date_gmt":"2015-08-10T18:52:28","guid":{"rendered":""},"modified":"2015-08-10T18:52:28","modified_gmt":"2015-08-10T18:52:28","slug":"advierten-sobre-parche-que-cambia-color-de-la-piel","status":"publish","type":"post","link":"https:\/\/sertv.gob.pa\/nacionalfm\/advierten-sobre-parche-que-cambia-color-de-la-piel\/","title":{"rendered":"Advierten sobre parche que cambia color de la piel"},"content":{"rendered":"<p>\nEl Centro Nacional de F\u00e1rmaco Vigilancia del Ministerio de Salud de Panam\u00e1 (Minsa) lanz\u00f3 una advertencia a los profesionales de la salud, sobre el cambio permanente del color de la piel asociado al uso del parche Daytrana, utilizado para tratar el Trastorno de Hiperactividad con S\u00edndrome de Atenci\u00f3n. <\/p>\n<p>Estos parches tienen como principio activo el metilfenidato. <\/p>\n<p>La advertencia se basa en estudios de la Administraci\u00f3n Ejecutora de Leyes sobre Medicamentos y Alimentos (FDA, por sus siglas en ingl\u00e9s) de Estados Unidos, que advirti\u00f3 que existe una p\u00e9rdida permanente del color de la piel asociada el medicamento. <\/p>\n<p>\u00a0 <\/p>\n","protected":false},"excerpt":{"rendered":"<p>El Centro Nacional de F\u00e1rmaco Vigilancia del Ministerio de Salud <a href=\"https:\/\/sertv.gob.pa\/nacionalfm\/advierten-sobre-parche-que-cambia-color-de-la-piel\/\"> [&#8230;]<\/a><\/p>\n","protected":false},"author":1,"featured_media":6655,"comment_status":"closed","ping_status":"closed","sticky":false,"template":"","format":"standard","meta":{"footnotes":""},"categories":[5],"tags":[],"class_list":["post-6654","post","type-post","status-publish","format-standard","has-post-thumbnail","hentry","category-salud"],"_links":{"self":[{"href":"https:\/\/sertv.gob.pa\/nacionalfm\/wp-json\/wp\/v2\/posts\/6654","targetHints":{"allow":["GET"]}}],"collection":[{"href":"https:\/\/sertv.gob.pa\/nacionalfm\/wp-json\/wp\/v2\/posts"}],"about":[{"href":"https:\/\/sertv.gob.pa\/nacionalfm\/wp-json\/wp\/v2\/types\/post"}],"author":[{"embeddable":true,"href":"https:\/\/sertv.gob.pa\/nacionalfm\/wp-json\/wp\/v2\/users\/1"}],"replies":[{"embeddable":true,"href":"https:\/\/sertv.gob.pa\/nacionalfm\/wp-json\/wp\/v2\/comments?post=6654"}],"version-history":[{"count":0,"href":"https:\/\/sertv.gob.pa\/nacionalfm\/wp-json\/wp\/v2\/posts\/6654\/revisions"}],"wp:featuredmedia":[{"embeddable":true,"href":"https:\/\/sertv.gob.pa\/nacionalfm\/wp-json\/wp\/v2\/media\/6655"}],"wp:attachment":[{"href":"https:\/\/sertv.gob.pa\/nacionalfm\/wp-json\/wp\/v2\/media?parent=6654"}],"wp:term":[{"taxonomy":"category","embeddable":true,"href":"https:\/\/sertv.gob.pa\/nacionalfm\/wp-json\/wp\/v2\/categories?post=6654"},{"taxonomy":"post_tag","embeddable":true,"href":"https:\/\/sertv.gob.pa\/nacionalfm\/wp-json\/wp\/v2\/tags?post=6654"}],"curies":[{"name":"wp","href":"https:\/\/api.w.org\/{rel}","templated":true}]}}