{"id":6658,"date":"2015-08-10T19:54:35","date_gmt":"2015-08-10T19:54:35","guid":{"rendered":""},"modified":"2015-08-10T19:54:35","modified_gmt":"2015-08-10T19:54:35","slug":"minsa-promueve-lactancia-materna-en-panama-oeste","status":"publish","type":"post","link":"https:\/\/sertv.gob.pa\/nacionalfm\/minsa-promueve-lactancia-materna-en-panama-oeste\/","title":{"rendered":"Minsa promueve lactancia materna en Panam\u00e1 Oeste"},"content":{"rendered":"<p>\nLas autoridades del Ministerio de Salud promueven durante 2 semanas la importancia del alimento materno y efectuar\u00e1n mejoras al banco de leche del hospital regional Nicol\u00e1s A. Solano de La Chorrera. <\/p>\n<p>De acuerdo con el director regional del Minsa, Joaqu\u00edn Chang, durante estas dos primeras semanas del mes de agosto la instituci\u00f3n se halla realizando varias actividades encaminadas a promover en la poblaci\u00f3n la importancia del alimento materno. <\/p>\n<p>El galeno indic\u00f3 que hay que hacer mejoras al banco de leche del hospital Nicol\u00e1s A. Solano, ya que el mismo dispone no solo de la leche donada por las madres que almacenan este alimento por alguna raz\u00f3n al momento del nacimiento del beb\u00e9, sino igualmente de alimentos adecuados para suplir las necesidades de ni\u00f1os que muestran alg\u00fan tipo de intolerancia y no aceptan la leche de su madre al momento de nacer. <\/p>\n<p>\u00a0 <\/p>\n","protected":false},"excerpt":{"rendered":"<p>Las autoridades del Ministerio de Salud promueven durante 2 semanas <a href=\"https:\/\/sertv.gob.pa\/nacionalfm\/minsa-promueve-lactancia-materna-en-panama-oeste\/\"> [&#8230;]<\/a><\/p>\n","protected":false},"author":1,"featured_media":6659,"comment_status":"closed","ping_status":"closed","sticky":false,"template":"","format":"standard","meta":{"footnotes":""},"categories":[5],"tags":[],"class_list":["post-6658","post","type-post","status-publish","format-standard","has-post-thumbnail","hentry","category-salud"],"_links":{"self":[{"href":"https:\/\/sertv.gob.pa\/nacionalfm\/wp-json\/wp\/v2\/posts\/6658","targetHints":{"allow":["GET"]}}],"collection":[{"href":"https:\/\/sertv.gob.pa\/nacionalfm\/wp-json\/wp\/v2\/posts"}],"about":[{"href":"https:\/\/sertv.gob.pa\/nacionalfm\/wp-json\/wp\/v2\/types\/post"}],"author":[{"embeddable":true,"href":"https:\/\/sertv.gob.pa\/nacionalfm\/wp-json\/wp\/v2\/users\/1"}],"replies":[{"embeddable":true,"href":"https:\/\/sertv.gob.pa\/nacionalfm\/wp-json\/wp\/v2\/comments?post=6658"}],"version-history":[{"count":0,"href":"https:\/\/sertv.gob.pa\/nacionalfm\/wp-json\/wp\/v2\/posts\/6658\/revisions"}],"wp:featuredmedia":[{"embeddable":true,"href":"https:\/\/sertv.gob.pa\/nacionalfm\/wp-json\/wp\/v2\/media\/6659"}],"wp:attachment":[{"href":"https:\/\/sertv.gob.pa\/nacionalfm\/wp-json\/wp\/v2\/media?parent=6658"}],"wp:term":[{"taxonomy":"category","embeddable":true,"href":"https:\/\/sertv.gob.pa\/nacionalfm\/wp-json\/wp\/v2\/categories?post=6658"},{"taxonomy":"post_tag","embeddable":true,"href":"https:\/\/sertv.gob.pa\/nacionalfm\/wp-json\/wp\/v2\/tags?post=6658"}],"curies":[{"name":"wp","href":"https:\/\/api.w.org\/{rel}","templated":true}]}}