{"id":6680,"date":"2015-08-11T18:58:39","date_gmt":"2015-08-11T18:58:39","guid":{"rendered":""},"modified":"2015-08-11T18:58:39","modified_gmt":"2015-08-11T18:58:39","slug":"la-ciencia-personalizada-busca-combatir-el-cancer-colorrectal","status":"publish","type":"post","link":"https:\/\/sertv.gob.pa\/nacionalfm\/la-ciencia-personalizada-busca-combatir-el-cancer-colorrectal\/","title":{"rendered":"La ciencia personalizada busca combatir el c\u00e1ncer colorrectal"},"content":{"rendered":"<p>\nEl  c\u00e1ncer colorrectal  es la tercera causa m\u00e1s frecuente de casos nuevos de c\u00e1ncer y de mortalidad en el continente americano. Se trata del  quinto tipo de tumor maligno  m\u00e1s atendido en el  Instituto Oncol\u00f3gico Naciona l. <\/p>\n<p>Sobre el abordaje de este c\u00e1ncer, expuso recientemente en Panam\u00e1 el onc\u00f3logo Cornelis Punt, profesor y presidente del departamento de Oncolog\u00eda M\u00e9dica del Centro M\u00e9dico Acad\u00e9mico de la Universidad de \u00c1msterdam, Holanda, en el marco del congreso Best of ASCO, que se llev\u00f3 a cabo en el pa\u00eds con el fin de analizar datos relevantes que fueron presentados en la reuni\u00f3n anual de la American Society of Clinical Oncology (ASCO) de Estados Unidos &mdash;efectuada \u00a0en junio en la ciudad estadounidense de Chicago&mdash; acerca de novedades en oncolog\u00eda. <\/p>\n<p>El doctor Plunt imparti\u00f3 la ponencia \u00abContinuidad de la atenci\u00f3n para maximizar la supervivencia en el c\u00e1ncer colorrectal metast\u00e1sico\u00bb, en la que expuso que investigaciones en fase tres han hallado una mejor\u00eda considerable de la mediana de la supervivencia global en pacientes con este tumor, el cual se ha diseminado de su sitio de origen a otras partes del organismo. <\/p>\n<p>Estos estudios cl\u00ednicos se hicieron a partir de un seguimiento de 30 meses. <\/p>\n<p>De acuerdo con el especialista, las caracter\u00edsticas del paciente y los par\u00e1metros de estratificaci\u00f3n deben ser estandarizados para brindar un tratamiento espec\u00edfico seg\u00fan la condici\u00f3n de este. <\/p>\n<p>Plunt dijo que hoy en d\u00eda la sobrevida del paciente con  c\u00e1ncer colorrectal metast\u00e1sico  es mayor, siempre y cuando se le ofrezca un tratamiento personalizado brindado a trav\u00e9s del diagn\u00f3stico molecular de mutaciones gen\u00e9ticas como KRAS\/NRAS, BRAF, entre otras. <\/p>\n<p>&ldquo;Los pacientes deben estar expuestos a todos los f\u00e1rmacos disponibles con eficacia durante el curso de la enfermedad&rdquo;. <\/p>\n<p>El consumo de alcohol y cigarrillo, contar con antecedentes familiares de c\u00e1ncer colorrectal, presentar p\u00f3lipos e inflamaci\u00f3n del colon, ser obeso o mayor de 50 a\u00f1os son factores de riesgo para desarrollarlo. <\/p>\n<p>Si el c\u00e1ncer de colon se diagnostica de forma temprana y si el paciente no presenta reca\u00eddas cinco a\u00f1os despu\u00e9s de su diagn\u00f3stico, se trata de un tumor curable en el 90% de los casos, seg\u00fan la  Sociedad Americana contra el C\u00e1ncer.  <\/p>\n<p>\u00a0 <\/p>\n","protected":false},"excerpt":{"rendered":"<p>El c\u00e1ncer colorrectal es la tercera causa m\u00e1s frecuente de <a href=\"https:\/\/sertv.gob.pa\/nacionalfm\/la-ciencia-personalizada-busca-combatir-el-cancer-colorrectal\/\"> [&#8230;]<\/a><\/p>\n","protected":false},"author":1,"featured_media":6681,"comment_status":"closed","ping_status":"closed","sticky":false,"template":"","format":"standard","meta":{"footnotes":""},"categories":[5],"tags":[],"class_list":["post-6680","post","type-post","status-publish","format-standard","has-post-thumbnail","hentry","category-salud"],"_links":{"self":[{"href":"https:\/\/sertv.gob.pa\/nacionalfm\/wp-json\/wp\/v2\/posts\/6680","targetHints":{"allow":["GET"]}}],"collection":[{"href":"https:\/\/sertv.gob.pa\/nacionalfm\/wp-json\/wp\/v2\/posts"}],"about":[{"href":"https:\/\/sertv.gob.pa\/nacionalfm\/wp-json\/wp\/v2\/types\/post"}],"author":[{"embeddable":true,"href":"https:\/\/sertv.gob.pa\/nacionalfm\/wp-json\/wp\/v2\/users\/1"}],"replies":[{"embeddable":true,"href":"https:\/\/sertv.gob.pa\/nacionalfm\/wp-json\/wp\/v2\/comments?post=6680"}],"version-history":[{"count":0,"href":"https:\/\/sertv.gob.pa\/nacionalfm\/wp-json\/wp\/v2\/posts\/6680\/revisions"}],"wp:featuredmedia":[{"embeddable":true,"href":"https:\/\/sertv.gob.pa\/nacionalfm\/wp-json\/wp\/v2\/media\/6681"}],"wp:attachment":[{"href":"https:\/\/sertv.gob.pa\/nacionalfm\/wp-json\/wp\/v2\/media?parent=6680"}],"wp:term":[{"taxonomy":"category","embeddable":true,"href":"https:\/\/sertv.gob.pa\/nacionalfm\/wp-json\/wp\/v2\/categories?post=6680"},{"taxonomy":"post_tag","embeddable":true,"href":"https:\/\/sertv.gob.pa\/nacionalfm\/wp-json\/wp\/v2\/tags?post=6680"}],"curies":[{"name":"wp","href":"https:\/\/api.w.org\/{rel}","templated":true}]}}