{"id":6682,"date":"2015-08-11T19:11:18","date_gmt":"2015-08-11T19:11:18","guid":{"rendered":""},"modified":"2015-08-11T19:11:18","modified_gmt":"2015-08-11T19:11:18","slug":"operacion-sonrisa-y-su-radioton-el-sabado-15","status":"publish","type":"post","link":"https:\/\/sertv.gob.pa\/nacionalfm\/operacion-sonrisa-y-su-radioton-el-sabado-15\/","title":{"rendered":"Operaci\u00f3n Sonrisa y su radiot\u00f3n el s\u00e1bado 15"},"content":{"rendered":"<p>\nEste s\u00e1bado 15 de agosto y por tercer a\u00f1o consecutivo, la Fundaci\u00f3n Operaci\u00f3n Sonrisa llevar\u00e1 a cabo su radiot\u00f3n en el Parque Omar. <\/p>\n<p>El evento, denominado Radiot\u00f3n Operaci\u00f3n Sonrisa, permitir\u00e1 recoger fondos para las cirug\u00edas reconstructivas que realiza la Fundaci\u00f3n y que beneficia a ni\u00f1os con malformaciones cong\u00e9nitas como labio y\/o paladar hendido, polidactilias y sindactilias. <\/p>\n<p>V\u00edctor David Guti\u00e9rrez, organizador de la Radiot\u00f3n explic\u00f3 que la actividad arranca a las 11:00 de la ma\u00f1ana y contar\u00e1 con shows de baile, artistas en tarima y alcanc\u00edas que estar\u00e1n distribuidas en distintos puntos del pa\u00eds para captar los aportes de los paname\u00f1os. <\/p>\n<p>Entre los artistas que apoyan la radiot\u00f3n destacan Ra\u00edces y Cultura, Sergio Mix, Marlys Dom\u00ednguez, Los Mellos, Nando Boom, Reny El Kachorro. <\/p>\n<p>\u00a0 <\/p>\n","protected":false},"excerpt":{"rendered":"<p>Este s\u00e1bado 15 de agosto y por tercer a\u00f1o consecutivo, <a href=\"https:\/\/sertv.gob.pa\/nacionalfm\/operacion-sonrisa-y-su-radioton-el-sabado-15\/\"> [&#8230;]<\/a><\/p>\n","protected":false},"author":1,"featured_media":6683,"comment_status":"closed","ping_status":"closed","sticky":false,"template":"","format":"standard","meta":{"footnotes":""},"categories":[5],"tags":[],"class_list":["post-6682","post","type-post","status-publish","format-standard","has-post-thumbnail","hentry","category-salud"],"_links":{"self":[{"href":"https:\/\/sertv.gob.pa\/nacionalfm\/wp-json\/wp\/v2\/posts\/6682","targetHints":{"allow":["GET"]}}],"collection":[{"href":"https:\/\/sertv.gob.pa\/nacionalfm\/wp-json\/wp\/v2\/posts"}],"about":[{"href":"https:\/\/sertv.gob.pa\/nacionalfm\/wp-json\/wp\/v2\/types\/post"}],"author":[{"embeddable":true,"href":"https:\/\/sertv.gob.pa\/nacionalfm\/wp-json\/wp\/v2\/users\/1"}],"replies":[{"embeddable":true,"href":"https:\/\/sertv.gob.pa\/nacionalfm\/wp-json\/wp\/v2\/comments?post=6682"}],"version-history":[{"count":0,"href":"https:\/\/sertv.gob.pa\/nacionalfm\/wp-json\/wp\/v2\/posts\/6682\/revisions"}],"wp:featuredmedia":[{"embeddable":true,"href":"https:\/\/sertv.gob.pa\/nacionalfm\/wp-json\/wp\/v2\/media\/6683"}],"wp:attachment":[{"href":"https:\/\/sertv.gob.pa\/nacionalfm\/wp-json\/wp\/v2\/media?parent=6682"}],"wp:term":[{"taxonomy":"category","embeddable":true,"href":"https:\/\/sertv.gob.pa\/nacionalfm\/wp-json\/wp\/v2\/categories?post=6682"},{"taxonomy":"post_tag","embeddable":true,"href":"https:\/\/sertv.gob.pa\/nacionalfm\/wp-json\/wp\/v2\/tags?post=6682"}],"curies":[{"name":"wp","href":"https:\/\/api.w.org\/{rel}","templated":true}]}}