{"id":6714,"date":"2015-08-12T18:53:23","date_gmt":"2015-08-12T18:53:23","guid":{"rendered":""},"modified":"2015-08-12T18:53:23","modified_gmt":"2015-08-12T18:53:23","slug":"atencion-de-salud-mental-sera-mejorada-en-china","status":"publish","type":"post","link":"https:\/\/sertv.gob.pa\/nacionalfm\/atencion-de-salud-mental-sera-mejorada-en-china\/","title":{"rendered":"Atenci\u00f3n de salud mental ser\u00e1 mejorada en China"},"content":{"rendered":"<p>\nEl Ministerio de Educaci\u00f3n de China orden\u00f3 a las escuelas mejorar la salud mental de los estudiantes, pero prohibi\u00f3 las revisiones obligatorias o la calificaci\u00f3n irresponsable de estudiantes como &lsquo;enfermos mentales&#8217;. <\/p>\n<p>Autoridades del ministerio dijeron que las escuelas primarias y secundarias deben establecer salones de atenci\u00f3n psicol\u00f3gica, ofrecer orientaci\u00f3n gratuita y registrar la informaci\u00f3n sobre el estado <\/p>\n<p>El sal\u00f3n de atenci\u00f3n psicol\u00f3gica siempre debe estar abierto durante el horario escolar. Debe tener al menos un profesional de salud mental, quien tendr\u00e1 el mismo estatus que un profesor. <\/p>\n<p>\u00a0La escuela debe destinar recursos para la operaci\u00f3n de ese servicio. El personal debe usar cuidadosamente la escala psicol\u00f3gica u otros m\u00e9todos de examen, dice el documento. <\/p>\n<p>\u00a0 <\/p>\n","protected":false},"excerpt":{"rendered":"<p>El Ministerio de Educaci\u00f3n de China orden\u00f3 a las escuelas <a href=\"https:\/\/sertv.gob.pa\/nacionalfm\/atencion-de-salud-mental-sera-mejorada-en-china\/\"> [&#8230;]<\/a><\/p>\n","protected":false},"author":1,"featured_media":6715,"comment_status":"closed","ping_status":"closed","sticky":false,"template":"","format":"standard","meta":{"footnotes":""},"categories":[5],"tags":[],"class_list":["post-6714","post","type-post","status-publish","format-standard","has-post-thumbnail","hentry","category-salud"],"_links":{"self":[{"href":"https:\/\/sertv.gob.pa\/nacionalfm\/wp-json\/wp\/v2\/posts\/6714","targetHints":{"allow":["GET"]}}],"collection":[{"href":"https:\/\/sertv.gob.pa\/nacionalfm\/wp-json\/wp\/v2\/posts"}],"about":[{"href":"https:\/\/sertv.gob.pa\/nacionalfm\/wp-json\/wp\/v2\/types\/post"}],"author":[{"embeddable":true,"href":"https:\/\/sertv.gob.pa\/nacionalfm\/wp-json\/wp\/v2\/users\/1"}],"replies":[{"embeddable":true,"href":"https:\/\/sertv.gob.pa\/nacionalfm\/wp-json\/wp\/v2\/comments?post=6714"}],"version-history":[{"count":0,"href":"https:\/\/sertv.gob.pa\/nacionalfm\/wp-json\/wp\/v2\/posts\/6714\/revisions"}],"wp:featuredmedia":[{"embeddable":true,"href":"https:\/\/sertv.gob.pa\/nacionalfm\/wp-json\/wp\/v2\/media\/6715"}],"wp:attachment":[{"href":"https:\/\/sertv.gob.pa\/nacionalfm\/wp-json\/wp\/v2\/media?parent=6714"}],"wp:term":[{"taxonomy":"category","embeddable":true,"href":"https:\/\/sertv.gob.pa\/nacionalfm\/wp-json\/wp\/v2\/categories?post=6714"},{"taxonomy":"post_tag","embeddable":true,"href":"https:\/\/sertv.gob.pa\/nacionalfm\/wp-json\/wp\/v2\/tags?post=6714"}],"curies":[{"name":"wp","href":"https:\/\/api.w.org\/{rel}","templated":true}]}}