{"id":67316,"date":"2021-04-12T17:14:48","date_gmt":"2021-04-12T17:14:48","guid":{"rendered":"https:\/\/sertv.gob.pa\/nacionalfm\/?p=67316"},"modified":"2021-04-12T17:15:45","modified_gmt":"2021-04-12T17:15:45","slug":"67316-2","status":"publish","type":"post","link":"https:\/\/sertv.gob.pa\/nacionalfm\/67316-2\/","title":{"rendered":"Gira de trazabilidad llega a la comunidad de Maje, Chim\u00e1n"},"content":{"rendered":"<p>Este fin de semana, se desarroll\u00f3 con \u00e9xito, gira de Trazabilidad por COVID-19, en la comunidad de Maje, Chim\u00e1n, una de las \u00e1reas de muy dif\u00edcil acceso a nivel nacional, realizada por el equipo de Salud de Panam\u00e1 Este, liderado por Carlos Batista, director m\u00e9dico regional.<\/p>\n<p>En el lugar, se consigui\u00f3 hisopar a 398 habitantes, a la vez, se hizo entrega de bolsas con alimentos del programa Panam\u00e1 Solidario, beneficiando a m\u00e1s de 800 personas, gracias al apoyo del Instituto de Mercadeo Agropecuario (IMA), se efectu\u00f3 entrega de mascarillas y pantallas faciales, desarrollando acciones de promoci\u00f3n de la salud y prevenci\u00f3n del contagio de la COVID-19.<\/p>\n<p>La actividad, cont\u00f3 con el apoyo de las autoridades tradicionales y miembros de la comunidad de Maje Chim\u00e1n.<\/p>\n<p>&nbsp;<\/p>\n<p>Fuente: MINSA<\/p>\n","protected":false},"excerpt":{"rendered":"<p>Este fin de semana, se desarroll\u00f3 con \u00e9xito, gira de <a href=\"https:\/\/sertv.gob.pa\/nacionalfm\/67316-2\/\"> [&#8230;]<\/a><\/p>\n","protected":false},"author":9,"featured_media":67317,"comment_status":"closed","ping_status":"closed","sticky":false,"template":"","format":"standard","meta":{"footnotes":""},"categories":[5],"tags":[],"class_list":["post-67316","post","type-post","status-publish","format-standard","has-post-thumbnail","hentry","category-salud"],"_links":{"self":[{"href":"https:\/\/sertv.gob.pa\/nacionalfm\/wp-json\/wp\/v2\/posts\/67316","targetHints":{"allow":["GET"]}}],"collection":[{"href":"https:\/\/sertv.gob.pa\/nacionalfm\/wp-json\/wp\/v2\/posts"}],"about":[{"href":"https:\/\/sertv.gob.pa\/nacionalfm\/wp-json\/wp\/v2\/types\/post"}],"author":[{"embeddable":true,"href":"https:\/\/sertv.gob.pa\/nacionalfm\/wp-json\/wp\/v2\/users\/9"}],"replies":[{"embeddable":true,"href":"https:\/\/sertv.gob.pa\/nacionalfm\/wp-json\/wp\/v2\/comments?post=67316"}],"version-history":[{"count":2,"href":"https:\/\/sertv.gob.pa\/nacionalfm\/wp-json\/wp\/v2\/posts\/67316\/revisions"}],"predecessor-version":[{"id":67323,"href":"https:\/\/sertv.gob.pa\/nacionalfm\/wp-json\/wp\/v2\/posts\/67316\/revisions\/67323"}],"wp:featuredmedia":[{"embeddable":true,"href":"https:\/\/sertv.gob.pa\/nacionalfm\/wp-json\/wp\/v2\/media\/67317"}],"wp:attachment":[{"href":"https:\/\/sertv.gob.pa\/nacionalfm\/wp-json\/wp\/v2\/media?parent=67316"}],"wp:term":[{"taxonomy":"category","embeddable":true,"href":"https:\/\/sertv.gob.pa\/nacionalfm\/wp-json\/wp\/v2\/categories?post=67316"},{"taxonomy":"post_tag","embeddable":true,"href":"https:\/\/sertv.gob.pa\/nacionalfm\/wp-json\/wp\/v2\/tags?post=67316"}],"curies":[{"name":"wp","href":"https:\/\/api.w.org\/{rel}","templated":true}]}}