{"id":6736,"date":"2015-08-13T18:10:30","date_gmt":"2015-08-13T18:10:30","guid":{"rendered":""},"modified":"2015-08-13T18:10:30","modified_gmt":"2015-08-13T18:10:30","slug":"personal-del-diario-la-prensa-dona-sangre-voluntariamente","status":"publish","type":"post","link":"https:\/\/sertv.gob.pa\/nacionalfm\/personal-del-diario-la-prensa-dona-sangre-voluntariamente\/","title":{"rendered":"Personal del diario La Prensa dona sangre voluntariamente"},"content":{"rendered":"<p>\nUn total de  23 asociados  de  Corporaci\u00f3n La Prensa  se convirtieron en &ldquo; #1H\u00e9roeCorprensa &rdquo;, al participar de  manera voluntaria  en una  jornada de donaci\u00f3n de sangre,  organizada en conjunto con la  Fundaci\u00f3n Sangre Panam\u00e1  y el Hospital Nacional. La misma se efectu\u00f3 en las instalaciones de la empresa, en la Avenida 12 de Octubre, en el marco de su  aniversario #35 . <\/p>\n<p>\u00a0 <\/p>\n<p> Corporaci\u00f3n La Prensa , como parte de su programa de  Responsabilidad Social Empresarial , apoya actividades relacionadas con la atenci\u00f3n de la  salud de los paname\u00f1os como un derecho humano , por lo tanto, &ldquo;esto nos da pie para aportar tambi\u00e9n a trav\u00e9s de las donaciones de sangre, como una acci\u00f3n fundamental para la salud de muchos pacientes en Panam\u00e1&rdquo;, afirma  Ana Leyla S\u00e1nchez, gerente de Desarrollo Humano de Corporaci\u00f3n La Prensa . <\/p>\n<p>\u00a0 <\/p>\n<p>El m\u00e9dico  Gabriel Reboll\u00f3n, presidente y fundador de Sangre Panam\u00e1 , califica la participaci\u00f3n de los asociados de  Corporaci\u00f3n La Prensa  como \u00f3ptima, ya que la respuesta brindada por los colaboradores fue positiva. La meta fue superada, ya que el objetivo era lograr recaudar un m\u00ednimo de 15 unidades de sangre y se obtuvo. &ldquo; Por primera vez, el 100% de las personas que se acercaron a donar fueron aceptadas y pudieron realizar el procedimiento, as\u00ed que fue muy positivo . En esta jornada  donaron 23 personas y esto impacta la vida de alrededor de 100 adultos . Ser\u00e1n destinadas al Hospital Nacional, y es importante destacar que en momentos de necesidad entre los hospitales se facilitan las unidades&rdquo;. <\/p>\n<p>\u00a0 <\/p>\n<p>\u00a0 <\/p>\n","protected":false},"excerpt":{"rendered":"<p>Un total de 23 asociados de Corporaci\u00f3n La Prensa se <a href=\"https:\/\/sertv.gob.pa\/nacionalfm\/personal-del-diario-la-prensa-dona-sangre-voluntariamente\/\"> [&#8230;]<\/a><\/p>\n","protected":false},"author":1,"featured_media":6737,"comment_status":"closed","ping_status":"closed","sticky":false,"template":"","format":"standard","meta":{"footnotes":""},"categories":[5],"tags":[],"class_list":["post-6736","post","type-post","status-publish","format-standard","has-post-thumbnail","hentry","category-salud"],"_links":{"self":[{"href":"https:\/\/sertv.gob.pa\/nacionalfm\/wp-json\/wp\/v2\/posts\/6736","targetHints":{"allow":["GET"]}}],"collection":[{"href":"https:\/\/sertv.gob.pa\/nacionalfm\/wp-json\/wp\/v2\/posts"}],"about":[{"href":"https:\/\/sertv.gob.pa\/nacionalfm\/wp-json\/wp\/v2\/types\/post"}],"author":[{"embeddable":true,"href":"https:\/\/sertv.gob.pa\/nacionalfm\/wp-json\/wp\/v2\/users\/1"}],"replies":[{"embeddable":true,"href":"https:\/\/sertv.gob.pa\/nacionalfm\/wp-json\/wp\/v2\/comments?post=6736"}],"version-history":[{"count":0,"href":"https:\/\/sertv.gob.pa\/nacionalfm\/wp-json\/wp\/v2\/posts\/6736\/revisions"}],"wp:featuredmedia":[{"embeddable":true,"href":"https:\/\/sertv.gob.pa\/nacionalfm\/wp-json\/wp\/v2\/media\/6737"}],"wp:attachment":[{"href":"https:\/\/sertv.gob.pa\/nacionalfm\/wp-json\/wp\/v2\/media?parent=6736"}],"wp:term":[{"taxonomy":"category","embeddable":true,"href":"https:\/\/sertv.gob.pa\/nacionalfm\/wp-json\/wp\/v2\/categories?post=6736"},{"taxonomy":"post_tag","embeddable":true,"href":"https:\/\/sertv.gob.pa\/nacionalfm\/wp-json\/wp\/v2\/tags?post=6736"}],"curies":[{"name":"wp","href":"https:\/\/api.w.org\/{rel}","templated":true}]}}