{"id":6738,"date":"2015-08-13T18:20:49","date_gmt":"2015-08-13T18:20:49","guid":{"rendered":""},"modified":"2015-08-13T18:20:49","modified_gmt":"2015-08-13T18:20:49","slug":"lo-vital-del-apoyo-psicologico-en-tratamientos-de-fertilidad","status":"publish","type":"post","link":"https:\/\/sertv.gob.pa\/nacionalfm\/lo-vital-del-apoyo-psicologico-en-tratamientos-de-fertilidad\/","title":{"rendered":"Lo vital del apoyo psicol\u00f3gico en tratamientos de fertilidad"},"content":{"rendered":"<p>\nEl n\u00famero de parejas que busca ayuda de psic\u00f3logos durante tratamientos de fertilidad est\u00e1 en aumento. <\/p>\n<p>Durante el proceso se mezclan sentimientos y emociones como ira, culpa, envidia, tristeza, ansiedad, inseguridad y aislamiento, explican profesionales del \u00e1rea. <\/p>\n<p>Mixcela Elizabeth Salazar psic\u00f3loga cl\u00ednica, asegura que a pesar de no conocer las cifras estad\u00edsticas de cu\u00e1ntos son los casos que van a terapia, &lsquo;ya muchos centros de fertilidad han optado por ofrecer asesor\u00eda psicol\u00f3gica mientras se insta a la pareja a utilizar los procedimientos posibles&#8217;. <\/p>\n<p>&lsquo;Como profesional de la psicolog\u00eda cl\u00ednica recomiendo psicoterapia familiar, previa al tratamiento&#8217;, apunt\u00f3. <\/p>\n<p>Por su parte, Ivette Schuverer, Psic\u00f3loga Familiar, explica que no se debe perder de vista que hay tanta posibilidad de \u00e9xito como de fracaso en esta empresa. <\/p>\n<p>\u00a0 <\/p>\n","protected":false},"excerpt":{"rendered":"<p>El n\u00famero de parejas que busca ayuda de psic\u00f3logos durante <a href=\"https:\/\/sertv.gob.pa\/nacionalfm\/lo-vital-del-apoyo-psicologico-en-tratamientos-de-fertilidad\/\"> [&#8230;]<\/a><\/p>\n","protected":false},"author":1,"featured_media":6739,"comment_status":"closed","ping_status":"closed","sticky":false,"template":"","format":"standard","meta":{"footnotes":""},"categories":[5],"tags":[],"class_list":["post-6738","post","type-post","status-publish","format-standard","has-post-thumbnail","hentry","category-salud"],"_links":{"self":[{"href":"https:\/\/sertv.gob.pa\/nacionalfm\/wp-json\/wp\/v2\/posts\/6738","targetHints":{"allow":["GET"]}}],"collection":[{"href":"https:\/\/sertv.gob.pa\/nacionalfm\/wp-json\/wp\/v2\/posts"}],"about":[{"href":"https:\/\/sertv.gob.pa\/nacionalfm\/wp-json\/wp\/v2\/types\/post"}],"author":[{"embeddable":true,"href":"https:\/\/sertv.gob.pa\/nacionalfm\/wp-json\/wp\/v2\/users\/1"}],"replies":[{"embeddable":true,"href":"https:\/\/sertv.gob.pa\/nacionalfm\/wp-json\/wp\/v2\/comments?post=6738"}],"version-history":[{"count":0,"href":"https:\/\/sertv.gob.pa\/nacionalfm\/wp-json\/wp\/v2\/posts\/6738\/revisions"}],"wp:featuredmedia":[{"embeddable":true,"href":"https:\/\/sertv.gob.pa\/nacionalfm\/wp-json\/wp\/v2\/media\/6739"}],"wp:attachment":[{"href":"https:\/\/sertv.gob.pa\/nacionalfm\/wp-json\/wp\/v2\/media?parent=6738"}],"wp:term":[{"taxonomy":"category","embeddable":true,"href":"https:\/\/sertv.gob.pa\/nacionalfm\/wp-json\/wp\/v2\/categories?post=6738"},{"taxonomy":"post_tag","embeddable":true,"href":"https:\/\/sertv.gob.pa\/nacionalfm\/wp-json\/wp\/v2\/tags?post=6738"}],"curies":[{"name":"wp","href":"https:\/\/api.w.org\/{rel}","templated":true}]}}