{"id":67700,"date":"2021-04-19T18:22:20","date_gmt":"2021-04-19T18:22:20","guid":{"rendered":"https:\/\/sertv.gob.pa\/nacionalfm\/?p=67700"},"modified":"2021-04-19T18:22:20","modified_gmt":"2021-04-19T18:22:20","slug":"las-nutrias-de-un-acuario-de-ee-uu-dan-positivo-al-virus-de-la-covid-19","status":"publish","type":"post","link":"https:\/\/sertv.gob.pa\/nacionalfm\/las-nutrias-de-un-acuario-de-ee-uu-dan-positivo-al-virus-de-la-covid-19\/","title":{"rendered":"Las nutrias de un acuario de EE.UU. dan positivo al virus de la covid-19"},"content":{"rendered":"<p><strong><em>Miami, (EFE).- <\/em><\/strong><\/p>\n<p>Las nutrias asi\u00e1ticas de garra peque\u00f1a (Aonyx cinereus) del acuario de Atlanta (EE.UU.) han dado positivo al SARS-CoV-2, el virus causante de la covid-19, que presuntamente les transmiti\u00f3 alg\u00fan miembro del personal asintom\u00e1tico, seg\u00fan inform\u00f3 la instituci\u00f3n.<\/p>\n<p>No son los primeros animales que habitan en zool\u00f3gicos que se contagian del coronavirus. Ha habido casos de felinos, grandes simios y otros en diversos puntos de Estados Unidos.<\/p>\n<p>Seg\u00fan el Acuario de Georgia, situado en la ciudad de Atlanta, todas las nutrias asi\u00e1ticas de garra peque\u00f1a, cuyo n\u00famero no preciso, est\u00e1n siendo atendidas por personal veterinario fuera de la vista del p\u00fablico.<\/p>\n<p>Presentan s\u00edntomas respiratorios leves como estornudos, tos y congesti\u00f3n nasal, y tambi\u00e9n han entrado en un semiletargo. Los s\u00edntomas van aminorando y se espera su total recuperaci\u00f3n, seg\u00fan Tonya Claus, vicepresidente de salud ambiental y animal del acuario.<\/p>\n<p>\u00abLes estamos dando tratamiento de soporte para que puedan comer, descansar y recuperarse\u00bb, dijo Claus.<\/p>\n<p>Todo el personal en contacto con las nutrias ha sido sometido a pruebas de covid-19, dijo el acuario, que no inform\u00f3 de si ha habido alg\u00fan caso positivo y subray\u00f3 que el riesgo de contagio de humanos a animales es \u00abincre\u00edblemente raro\u00bb.<\/p>\n<p>Las nutrias no tienen contacto directo con los visitantes, pues su recinto est\u00e1 separado por pantallas acr\u00edlicas.<\/p>\n<p>A fines de marzo la Organizaci\u00f3n Mundial de la Salud (OMS) present\u00f3 un informe en el que no ofreci\u00f3 una respuesta definitiva sobre el origen del virulento pat\u00f3geno que ha provocado la actual pandemia y sus conclusiones se resumen en cuatro hip\u00f3tesis.<\/p>\n<p>A la que se le da m\u00e1s credibilidad es a que el nuevo coronavirus llegara al ser humano a trav\u00e9s de uno o m\u00e1s animales que habr\u00edan ejercido de especie intermediaria.<\/p>\n<p>La probabilidad de que haya saltado directamente de la especie portadora al humano es menor, puesto que en ninguna de las m\u00e1s sospechosas se ha hallado hasta ahora un coronavirus igual o suficientemente parecido.<\/p>\n<p>El informe indic\u00f3 que el Instituto de Virolog\u00eda de Wuhan (China), la ciudad donde se registraron los primeros casos, estudi\u00f3 un coronavirus hallado en murci\u00e9lagos y muy pr\u00f3ximo al SARS-CoV-2.<\/p>\n<p>El primer caso conocido de un animal contagiado de covid-129 en EE.UU. fue un tigresa malaya del Zool\u00f3gico del Bronx, en Nueva York, en abril de 2020.<\/p>\n<p>Fuente: EFE<\/p>\n","protected":false},"excerpt":{"rendered":"<p>Miami, (EFE).- Las nutrias asi\u00e1ticas de garra peque\u00f1a (Aonyx cinereus) <a href=\"https:\/\/sertv.gob.pa\/nacionalfm\/las-nutrias-de-un-acuario-de-ee-uu-dan-positivo-al-virus-de-la-covid-19\/\"> [&#8230;]<\/a><\/p>\n","protected":false},"author":9,"featured_media":67701,"comment_status":"closed","ping_status":"closed","sticky":false,"template":"","format":"standard","meta":{"footnotes":""},"categories":[3],"tags":[],"class_list":["post-67700","post","type-post","status-publish","format-standard","has-post-thumbnail","hentry","category-internacionales"],"_links":{"self":[{"href":"https:\/\/sertv.gob.pa\/nacionalfm\/wp-json\/wp\/v2\/posts\/67700","targetHints":{"allow":["GET"]}}],"collection":[{"href":"https:\/\/sertv.gob.pa\/nacionalfm\/wp-json\/wp\/v2\/posts"}],"about":[{"href":"https:\/\/sertv.gob.pa\/nacionalfm\/wp-json\/wp\/v2\/types\/post"}],"author":[{"embeddable":true,"href":"https:\/\/sertv.gob.pa\/nacionalfm\/wp-json\/wp\/v2\/users\/9"}],"replies":[{"embeddable":true,"href":"https:\/\/sertv.gob.pa\/nacionalfm\/wp-json\/wp\/v2\/comments?post=67700"}],"version-history":[{"count":1,"href":"https:\/\/sertv.gob.pa\/nacionalfm\/wp-json\/wp\/v2\/posts\/67700\/revisions"}],"predecessor-version":[{"id":67702,"href":"https:\/\/sertv.gob.pa\/nacionalfm\/wp-json\/wp\/v2\/posts\/67700\/revisions\/67702"}],"wp:featuredmedia":[{"embeddable":true,"href":"https:\/\/sertv.gob.pa\/nacionalfm\/wp-json\/wp\/v2\/media\/67701"}],"wp:attachment":[{"href":"https:\/\/sertv.gob.pa\/nacionalfm\/wp-json\/wp\/v2\/media?parent=67700"}],"wp:term":[{"taxonomy":"category","embeddable":true,"href":"https:\/\/sertv.gob.pa\/nacionalfm\/wp-json\/wp\/v2\/categories?post=67700"},{"taxonomy":"post_tag","embeddable":true,"href":"https:\/\/sertv.gob.pa\/nacionalfm\/wp-json\/wp\/v2\/tags?post=67700"}],"curies":[{"name":"wp","href":"https:\/\/api.w.org\/{rel}","templated":true}]}}