{"id":6802,"date":"2015-08-17T19:46:46","date_gmt":"2015-08-17T19:46:46","guid":{"rendered":""},"modified":"2015-08-17T19:46:46","modified_gmt":"2015-08-17T19:46:46","slug":"advierten-sobre-medicamento-para-cancer-de-prostata","status":"publish","type":"post","link":"https:\/\/sertv.gob.pa\/nacionalfm\/advierten-sobre-medicamento-para-cancer-de-prostata\/","title":{"rendered":"Advierten sobre medicamento para c\u00e1ncer de pr\u00f3stata"},"content":{"rendered":"<p>\nEl Centro Nacional de F\u00e1rmaco Vigilancia del Ministerio de Salud de Panam\u00e1 (Minsa) advirti\u00f3 a los profesionales de la salud del riesgo de c\u00e1ncer de pr\u00f3stata, asociado al uso de productos que tienen como principales activos las sustancias finasterida y dutasterida. <\/p>\n<p>La advertencia se basa en alertas de la Administraci\u00f3n Ejecutora de Leyes sobre Medicamentos y Alimentos de Estados Unidos (FDA, por sus siglas en ingl\u00e9s) y la Agencia de Medicamentos de Australia (TGA, por sus siglas en ingl\u00e9s). <\/p>\n<p>Indica la nota que en la base de datos de la Direcci\u00f3n de Farmacias y Drogas del Minsa existen con registro sanitario ocho productos que contienen finasterida de 5 miligramos, 4 productos con finasterida de 1 miligramo y 4 productos con dutasterida. <\/p>\n<p>\u00a0 <\/p>\n","protected":false},"excerpt":{"rendered":"<p>El Centro Nacional de F\u00e1rmaco Vigilancia del Ministerio de Salud <a href=\"https:\/\/sertv.gob.pa\/nacionalfm\/advierten-sobre-medicamento-para-cancer-de-prostata\/\"> [&#8230;]<\/a><\/p>\n","protected":false},"author":1,"featured_media":6803,"comment_status":"closed","ping_status":"closed","sticky":false,"template":"","format":"standard","meta":{"footnotes":""},"categories":[5],"tags":[],"class_list":["post-6802","post","type-post","status-publish","format-standard","has-post-thumbnail","hentry","category-salud"],"_links":{"self":[{"href":"https:\/\/sertv.gob.pa\/nacionalfm\/wp-json\/wp\/v2\/posts\/6802","targetHints":{"allow":["GET"]}}],"collection":[{"href":"https:\/\/sertv.gob.pa\/nacionalfm\/wp-json\/wp\/v2\/posts"}],"about":[{"href":"https:\/\/sertv.gob.pa\/nacionalfm\/wp-json\/wp\/v2\/types\/post"}],"author":[{"embeddable":true,"href":"https:\/\/sertv.gob.pa\/nacionalfm\/wp-json\/wp\/v2\/users\/1"}],"replies":[{"embeddable":true,"href":"https:\/\/sertv.gob.pa\/nacionalfm\/wp-json\/wp\/v2\/comments?post=6802"}],"version-history":[{"count":0,"href":"https:\/\/sertv.gob.pa\/nacionalfm\/wp-json\/wp\/v2\/posts\/6802\/revisions"}],"wp:featuredmedia":[{"embeddable":true,"href":"https:\/\/sertv.gob.pa\/nacionalfm\/wp-json\/wp\/v2\/media\/6803"}],"wp:attachment":[{"href":"https:\/\/sertv.gob.pa\/nacionalfm\/wp-json\/wp\/v2\/media?parent=6802"}],"wp:term":[{"taxonomy":"category","embeddable":true,"href":"https:\/\/sertv.gob.pa\/nacionalfm\/wp-json\/wp\/v2\/categories?post=6802"},{"taxonomy":"post_tag","embeddable":true,"href":"https:\/\/sertv.gob.pa\/nacionalfm\/wp-json\/wp\/v2\/tags?post=6802"}],"curies":[{"name":"wp","href":"https:\/\/api.w.org\/{rel}","templated":true}]}}