{"id":68070,"date":"2021-04-28T15:53:46","date_gmt":"2021-04-28T15:53:46","guid":{"rendered":"https:\/\/sertv.gob.pa\/nacionalfm\/?p=68070"},"modified":"2021-04-28T15:53:46","modified_gmt":"2021-04-28T15:53:46","slug":"nueva-york-evaluara-el-estado-psicologico-de-los-alumnos-de-colegios-publicos","status":"publish","type":"post","link":"https:\/\/sertv.gob.pa\/nacionalfm\/nueva-york-evaluara-el-estado-psicologico-de-los-alumnos-de-colegios-publicos\/","title":{"rendered":"Nueva York evaluar\u00e1 el estado psicol\u00f3gico de los alumnos de colegios p\u00fablicos"},"content":{"rendered":"<p><strong><em>Nueva York, (EFE).- <\/em><\/strong><\/p>\n<p>&nbsp;<\/p>\n<p>El alcalde de Nueva York, Bill de Blasio, anunci\u00f3 este mi\u00e9rcoles un importante incremento en los servicios de salud mental de la ciudad para los m\u00e1s j\u00f3venes, que incluye una evaluaci\u00f3n psicol\u00f3gica de todos los alumnos de los colegios p\u00fablicos neoyorquinos que comenzar\u00e1 este oto\u00f1o con la vuelta a las aulas.<\/p>\n<p>\u00abEl trauma causado por la covid ha llevado a que la gente sea m\u00e1s abierta sobre la salud mental de lo que lo ha sido nunca, y este es el momento de llegar a la gente. Eso comienza en nuestros colegios, porque los ni\u00f1os han pasado por mucho\u00bb, dijo De Blasio en una rueda de prensa.<\/p>\n<p>La mujer del alcalde, Chirlane McCray, que ide\u00f3 el proyecto, record\u00f3 que el pasado diciembre ya se habl\u00f3 de la importancia de prestar servicios de salud mental a los m\u00e1s afectados por la pandemia, algo que han decidido extender a todos los colegios p\u00fablicos de Nueva York.<\/p>\n<p>\u00abEstas evaluaciones son medidas preventivas. Los ni\u00f1os recibir\u00e1n atenci\u00f3n individual para su bienestar emocional. Tendr\u00e1n la oportunidad de hablar de c\u00f3mo se encuentran, c\u00f3mo se est\u00e1n llevando con sus amigos y compa\u00f1eros de clase, c\u00f3mo est\u00e1n yendo las cosas en casa\u00bb, explic\u00f3 McCray.<\/p>\n<p>Durante el evento, se pudo ver un video en el que la esposa de De Blasio hablaba con un grupo de ni\u00f1os sobre distintas pr\u00e1cticas para mejorar su estado psicol\u00f3gico, como la meditaci\u00f3n para reducir el estr\u00e9s.<\/p>\n<p>Para implementar el programa, m\u00e1s de 600 trabajadores, entre ellos psic\u00f3logos y trabajadores sociales, ser\u00e1n contratados por el Departamento de Educaci\u00f3n de la ciudad de cara al pr\u00f3ximo septiembre, cuando se espera que la gran mayor\u00eda de colegios de Nueva York empiece a recibir de nuevo a los alumnos, algunos de los cuales no habr\u00e1n recibido clases presenciales en 18 meses.<\/p>\n<p>Adem\u00e1s de las evaluaciones psicol\u00f3gicas, el programa educativo veraniego \u00abSummer Rising\u00bb, en el que pueden participar todos los ni\u00f1os entre 5 y 14 a\u00f1os, tambi\u00e9n incluir\u00e1 servicios de salud mental.<\/p>\n<p>\u00abEmpezando este verano, tendremos personal en cada ubicaci\u00f3n de &#8216;Summer Rising&#8217; para apoyar la salud mental de nuestros j\u00f3venes. Y cuando los profesores y los estudiantes vuelvan este oto\u00f1o, muchos de ellos por primera vez desde hace 18 meses, cada colegio tendr\u00e1 acceso a salud mental\u00bb, expuso la concejal de Colegios de Nueva York, Meisha Porter.<\/p>\n<p>Los nuevos servicios se unen a los esfuerzos de la ciudad de Nueva York para incorporar el bienestar social y emocional en el curr\u00edculum educativo de los colegios.<\/p>\n<p>&nbsp;<\/p>\n<p>Fuente: EFE<\/p>\n","protected":false},"excerpt":{"rendered":"<p>Nueva York, (EFE).- &nbsp; El alcalde de Nueva York, Bill <a href=\"https:\/\/sertv.gob.pa\/nacionalfm\/nueva-york-evaluara-el-estado-psicologico-de-los-alumnos-de-colegios-publicos\/\"> [&#8230;]<\/a><\/p>\n","protected":false},"author":9,"featured_media":68071,"comment_status":"closed","ping_status":"closed","sticky":false,"template":"","format":"standard","meta":{"footnotes":""},"categories":[3],"tags":[],"class_list":["post-68070","post","type-post","status-publish","format-standard","has-post-thumbnail","hentry","category-internacionales"],"_links":{"self":[{"href":"https:\/\/sertv.gob.pa\/nacionalfm\/wp-json\/wp\/v2\/posts\/68070","targetHints":{"allow":["GET"]}}],"collection":[{"href":"https:\/\/sertv.gob.pa\/nacionalfm\/wp-json\/wp\/v2\/posts"}],"about":[{"href":"https:\/\/sertv.gob.pa\/nacionalfm\/wp-json\/wp\/v2\/types\/post"}],"author":[{"embeddable":true,"href":"https:\/\/sertv.gob.pa\/nacionalfm\/wp-json\/wp\/v2\/users\/9"}],"replies":[{"embeddable":true,"href":"https:\/\/sertv.gob.pa\/nacionalfm\/wp-json\/wp\/v2\/comments?post=68070"}],"version-history":[{"count":1,"href":"https:\/\/sertv.gob.pa\/nacionalfm\/wp-json\/wp\/v2\/posts\/68070\/revisions"}],"predecessor-version":[{"id":68072,"href":"https:\/\/sertv.gob.pa\/nacionalfm\/wp-json\/wp\/v2\/posts\/68070\/revisions\/68072"}],"wp:featuredmedia":[{"embeddable":true,"href":"https:\/\/sertv.gob.pa\/nacionalfm\/wp-json\/wp\/v2\/media\/68071"}],"wp:attachment":[{"href":"https:\/\/sertv.gob.pa\/nacionalfm\/wp-json\/wp\/v2\/media?parent=68070"}],"wp:term":[{"taxonomy":"category","embeddable":true,"href":"https:\/\/sertv.gob.pa\/nacionalfm\/wp-json\/wp\/v2\/categories?post=68070"},{"taxonomy":"post_tag","embeddable":true,"href":"https:\/\/sertv.gob.pa\/nacionalfm\/wp-json\/wp\/v2\/tags?post=68070"}],"curies":[{"name":"wp","href":"https:\/\/api.w.org\/{rel}","templated":true}]}}