{"id":68073,"date":"2021-04-28T16:46:18","date_gmt":"2021-04-28T16:46:18","guid":{"rendered":"https:\/\/sertv.gob.pa\/nacionalfm\/?p=68073"},"modified":"2021-04-28T16:46:18","modified_gmt":"2021-04-28T16:46:18","slug":"el-deshielo-de-los-glaciares-se-acelera-desde-2000-alerta-un-estudio","status":"publish","type":"post","link":"https:\/\/sertv.gob.pa\/nacionalfm\/el-deshielo-de-los-glaciares-se-acelera-desde-2000-alerta-un-estudio\/","title":{"rendered":"El deshielo de los glaciares se acelera desde 2000, alerta un estudio"},"content":{"rendered":"<p><strong><em>Par\u00eds, (EFE).- <\/em><\/strong><\/p>\n<p>&nbsp;<\/p>\n<p>Los glaciares del mundo se est\u00e1n derritiendo a un ritmo r\u00e9cord por el calentamiento global, ya que han perdido una media de 267.000 millones de toneladas de hielo al a\u00f1o desde 2000, seg\u00fan un estudio publicado en la revista Nature.<\/p>\n<p>Esta es la principal conclusi\u00f3n del trabajo realizado por un grupo internacional dirigido por investigadores del Laboratorio de Estudios de Geof\u00edsica Espacial y Oceanograf\u00eda, del Centro Nacional de Investigaciones Cient\u00edficas (CNRS) franc\u00e9s.<\/p>\n<p>Los investigadores comprobaron que la reducci\u00f3n de los glaciares se ha precipitado en los \u00faltimos a\u00f1os, pasando de 227.000 millones de toneladas de hielo perdidas anualmente entre 2000 y 2004 a 298.000 entre 2015 y 2019.<\/p>\n<p>Estos resultados son fruto de la primera cartograf\u00eda completa y precisa de la evoluci\u00f3n del espesor, y por tanto de la masa, de todos los glaciares del mundo, explic\u00f3 un comunicado del CNRS.<\/p>\n<p>Los glaciares que m\u00e1s r\u00e1pido se derriten desde el a\u00f1o 2000 se encuentran en los Alpes, Islandia y Alaska.<\/p>\n<p>En cambio, los cient\u00edficos hallaron que las tasas de deshielo se redujeron en la costa oriental de Groenlandia, Islandia y la regi\u00f3n escandinava en el per\u00edodo 2010-2019.<\/p>\n<p>\u00abEsta desaceleraci\u00f3n local podr\u00eda deberse a una anomal\u00eda meteorol\u00f3gica que provoc\u00f3 un aumento de las precipitaciones y un descenso de las temperaturas, frenando la p\u00e9rdida de hielo\u00bb en esa zona, indicaron los investigadores.<\/p>\n<p>Precisaron que \u00abla variabilidad regional de la p\u00e9rdida de masa est\u00e1 determinada en gran medida por los cambios en las precipitaciones. Por contra, la aceleraci\u00f3n global de la p\u00e9rdida de masa de los glaciares es el resultado del aumento de las temperaturas\u00bb.<\/p>\n<p>Los cient\u00edficos realizaron esta investigaci\u00f3n con medio mill\u00f3n de im\u00e1genes tomadas por el sat\u00e9lite Terra de la agencia espacial estadounidense NASA, lo que les permiti\u00f3 crear una serie de modelos digitales de la altura de los glaciares.<\/p>\n<p>Estas nuevas observaciones permitir\u00e1n esclarecer las predicciones de la evoluci\u00f3n de los glaciares y, de esta forma, contribuir a anticipar mejor los cambios en los recursos h\u00eddricos de algunas regiones monta\u00f1osas, concluyeron los expertos.<\/p>\n<p>&nbsp;<\/p>\n<p>Fuente: EFE<\/p>\n","protected":false},"excerpt":{"rendered":"<p>Par\u00eds, (EFE).- &nbsp; Los glaciares del mundo se est\u00e1n derritiendo <a href=\"https:\/\/sertv.gob.pa\/nacionalfm\/el-deshielo-de-los-glaciares-se-acelera-desde-2000-alerta-un-estudio\/\"> [&#8230;]<\/a><\/p>\n","protected":false},"author":9,"featured_media":68074,"comment_status":"closed","ping_status":"closed","sticky":false,"template":"","format":"standard","meta":{"footnotes":""},"categories":[3],"tags":[],"class_list":["post-68073","post","type-post","status-publish","format-standard","has-post-thumbnail","hentry","category-internacionales"],"_links":{"self":[{"href":"https:\/\/sertv.gob.pa\/nacionalfm\/wp-json\/wp\/v2\/posts\/68073","targetHints":{"allow":["GET"]}}],"collection":[{"href":"https:\/\/sertv.gob.pa\/nacionalfm\/wp-json\/wp\/v2\/posts"}],"about":[{"href":"https:\/\/sertv.gob.pa\/nacionalfm\/wp-json\/wp\/v2\/types\/post"}],"author":[{"embeddable":true,"href":"https:\/\/sertv.gob.pa\/nacionalfm\/wp-json\/wp\/v2\/users\/9"}],"replies":[{"embeddable":true,"href":"https:\/\/sertv.gob.pa\/nacionalfm\/wp-json\/wp\/v2\/comments?post=68073"}],"version-history":[{"count":1,"href":"https:\/\/sertv.gob.pa\/nacionalfm\/wp-json\/wp\/v2\/posts\/68073\/revisions"}],"predecessor-version":[{"id":68075,"href":"https:\/\/sertv.gob.pa\/nacionalfm\/wp-json\/wp\/v2\/posts\/68073\/revisions\/68075"}],"wp:featuredmedia":[{"embeddable":true,"href":"https:\/\/sertv.gob.pa\/nacionalfm\/wp-json\/wp\/v2\/media\/68074"}],"wp:attachment":[{"href":"https:\/\/sertv.gob.pa\/nacionalfm\/wp-json\/wp\/v2\/media?parent=68073"}],"wp:term":[{"taxonomy":"category","embeddable":true,"href":"https:\/\/sertv.gob.pa\/nacionalfm\/wp-json\/wp\/v2\/categories?post=68073"},{"taxonomy":"post_tag","embeddable":true,"href":"https:\/\/sertv.gob.pa\/nacionalfm\/wp-json\/wp\/v2\/tags?post=68073"}],"curies":[{"name":"wp","href":"https:\/\/api.w.org\/{rel}","templated":true}]}}