{"id":68093,"date":"2021-04-28T18:28:22","date_gmt":"2021-04-28T18:28:22","guid":{"rendered":"https:\/\/sertv.gob.pa\/nacionalfm\/?p=68093"},"modified":"2021-04-28T18:28:22","modified_gmt":"2021-04-28T18:28:22","slug":"la-ops-invita-a-otros-paises-a-donar-vacunas-como-anunciaron-espana-y-ee-uu","status":"publish","type":"post","link":"https:\/\/sertv.gob.pa\/nacionalfm\/la-ops-invita-a-otros-paises-a-donar-vacunas-como-anunciaron-espana-y-ee-uu\/","title":{"rendered":"La OPS invita a otros pa\u00edses a donar vacunas como anunciaron Espa\u00f1a y EE.UU."},"content":{"rendered":"<p><strong><em>Washington, (EFE).- <\/em><\/strong><\/p>\n<p>&nbsp;<\/p>\n<p>La Organizaci\u00f3n Panamericana de la Salud (OPS) invit\u00f3 este mi\u00e9rcoles a otros pa\u00edses a que \u00abhagan compromisos similares\u00bb a los de Espa\u00f1a y Estados Unidos, cuyos Gobiernos anunciaron que donar\u00e1n vacunas contra la covid-19 a otras naciones.<\/p>\n<p>Durante su rueda de prensa semanal, la directora de la OPS, Carissa Etienne, consider\u00f3 que estos pa\u00edses han dado \u00abpasos muy importantes en la direcci\u00f3n correcta\u00bb y confi\u00f3 que esa tendencia \u00abser\u00e1 seguida\u00bb por otras naciones.<\/p>\n<p>Etienne se refiri\u00f3 al anuncio hecho por el presidente del Gobierno espa\u00f1ol, Pedro S\u00e1nchez, de que Espa\u00f1a donar\u00e1 a Am\u00e9rica Latina y el Caribe entre un 5 y un 10 % de las vacunas que reciban en 2021, lo que equivale a unos 7,5 millones de dosis.<\/p>\n<p>Estados Unidos, por su parte, ha anunciado la donaci\u00f3n en los pr\u00f3ximos meses de 60 millones de dosis de la vacuna de Astrazeneca, que este pa\u00eds no est\u00e1 utilizando porque no ha sido aprobada por sus autoridades sanitarias.<\/p>\n<p>\u00abEl anuncio de Espa\u00f1a es una demostraci\u00f3n de solidaridad y una contribuci\u00f3n al bienestar de nuestra regi\u00f3n\u00bb, sentenci\u00f3 Etienne, que tambi\u00e9n felicit\u00f3 al Gobierno de EE.UU. por su anuncio.<\/p>\n<p>\u00abInstamos a otros pa\u00edses -agreg\u00f3 la funcionaria- a que hagan compromisos similares. No deber\u00edan existir vacunas en almacenaje cuando podr\u00edan ser utilizadas r\u00e1pidamente para salvar vidas\u00bb.<\/p>\n<p>La representante de la OPS indic\u00f3 que Espa\u00f1a ha expresado su intenci\u00f3n de canalizar su donaci\u00f3n a trav\u00e9s del programa Covax -impulsado por la Organizaci\u00f3n Mundial de la Salud (OMS) y la Alianza para las Vacunas (GAVI)-, que busca garantizar el acceso global y equitativo a los f\u00e1rmacos anticovid.<\/p>\n<p>Aclar\u00f3 que no se han identificado espec\u00edficamente los pa\u00edses receptores de estas dosis y anticip\u00f3 que la OPS probablemente se encargar\u00e1 de supervisar esas entregas.<\/p>\n<p>Etienne confirm\u00f3 que durante la semana pasada unas 1,4 millones de personas contrajeron el virus y m\u00e1s de 36.000 murieron en la regi\u00f3n por complicaciones relacionadas la covid-19, lo que, asegur\u00f3, supone que \u00abuna de cada cuatro muertes\u00bb ocurridas en el mundo por esa causa tuvo lugar en el continente americano.<\/p>\n<p>Tambi\u00e9n inform\u00f3 que hasta la fecha se han administrado 317 millones de dosis de la vacuna contra la covid-19 en la regi\u00f3n.<\/p>\n<p>Sin embargo, alert\u00f3 que desde principios de 2021 varios pa\u00edses de la regi\u00f3n est\u00e1n notificando un aumento de los contagios entre la poblaci\u00f3n m\u00e1s joven -vinculada a una mayor exposici\u00f3n y a la falta de vacunaci\u00f3n-, cuya estancia en los hospitales es m\u00e1s prolongada que la de las personas mayores de 60 a\u00f1os.<\/p>\n<p>&nbsp;<\/p>\n<p>Fuente: EFE<\/p>\n<p>&nbsp;<\/p>\n","protected":false},"excerpt":{"rendered":"<p>Washington, (EFE).- &nbsp; La Organizaci\u00f3n Panamericana de la Salud (OPS) <a href=\"https:\/\/sertv.gob.pa\/nacionalfm\/la-ops-invita-a-otros-paises-a-donar-vacunas-como-anunciaron-espana-y-ee-uu\/\"> [&#8230;]<\/a><\/p>\n","protected":false},"author":9,"featured_media":68094,"comment_status":"closed","ping_status":"closed","sticky":false,"template":"","format":"standard","meta":{"footnotes":""},"categories":[3],"tags":[],"class_list":["post-68093","post","type-post","status-publish","format-standard","has-post-thumbnail","hentry","category-internacionales"],"_links":{"self":[{"href":"https:\/\/sertv.gob.pa\/nacionalfm\/wp-json\/wp\/v2\/posts\/68093","targetHints":{"allow":["GET"]}}],"collection":[{"href":"https:\/\/sertv.gob.pa\/nacionalfm\/wp-json\/wp\/v2\/posts"}],"about":[{"href":"https:\/\/sertv.gob.pa\/nacionalfm\/wp-json\/wp\/v2\/types\/post"}],"author":[{"embeddable":true,"href":"https:\/\/sertv.gob.pa\/nacionalfm\/wp-json\/wp\/v2\/users\/9"}],"replies":[{"embeddable":true,"href":"https:\/\/sertv.gob.pa\/nacionalfm\/wp-json\/wp\/v2\/comments?post=68093"}],"version-history":[{"count":1,"href":"https:\/\/sertv.gob.pa\/nacionalfm\/wp-json\/wp\/v2\/posts\/68093\/revisions"}],"predecessor-version":[{"id":68095,"href":"https:\/\/sertv.gob.pa\/nacionalfm\/wp-json\/wp\/v2\/posts\/68093\/revisions\/68095"}],"wp:featuredmedia":[{"embeddable":true,"href":"https:\/\/sertv.gob.pa\/nacionalfm\/wp-json\/wp\/v2\/media\/68094"}],"wp:attachment":[{"href":"https:\/\/sertv.gob.pa\/nacionalfm\/wp-json\/wp\/v2\/media?parent=68093"}],"wp:term":[{"taxonomy":"category","embeddable":true,"href":"https:\/\/sertv.gob.pa\/nacionalfm\/wp-json\/wp\/v2\/categories?post=68093"},{"taxonomy":"post_tag","embeddable":true,"href":"https:\/\/sertv.gob.pa\/nacionalfm\/wp-json\/wp\/v2\/tags?post=68093"}],"curies":[{"name":"wp","href":"https:\/\/api.w.org\/{rel}","templated":true}]}}