{"id":68136,"date":"2021-04-29T17:09:05","date_gmt":"2021-04-29T17:09:05","guid":{"rendered":"https:\/\/sertv.gob.pa\/nacionalfm\/?p=68136"},"modified":"2021-04-29T17:09:05","modified_gmt":"2021-04-29T17:09:05","slug":"moderna-anuncia-inversiones-para-incrementar-su-suministro-global-de-vacunas","status":"publish","type":"post","link":"https:\/\/sertv.gob.pa\/nacionalfm\/moderna-anuncia-inversiones-para-incrementar-su-suministro-global-de-vacunas\/","title":{"rendered":"Moderna anuncia inversiones para incrementar su suministro global de vacunas"},"content":{"rendered":"<p><strong><em>Nueva York, (EFE).- <\/em><\/strong><\/p>\n<p>&nbsp;<\/p>\n<p>La biotecnol\u00f3gica estadounidense Moderna anunci\u00f3 este jueves que har\u00e1 inversiones en Europa y EE.UU. para incrementar su suministro global de vacunas hasta 3.000 millones de dosis el a\u00f1o que viene y elev\u00f3 sus previsiones de producci\u00f3n para 2021 a entre 800 y 1.000 millones de dosis.<\/p>\n<p>\u00abSiguiendo la r\u00e1pida propagaci\u00f3n de las variantes de SARS-CoV-2 que preocupan, creemos que seguir\u00e1 habiendo una necesidad importante de nuestra vacuna mRNA COVID-19 y nuestras candidatas de refuerzo contra variantes en 2022 y 2023\u00bb, dijo en una nota el consejero delegado de Moderna, St\u00e9phane Bancel.<\/p>\n<p>\u00abO\u00edmos de los Gobiernos que no hay tecnolog\u00eda que provea la alta eficacia de las vacunas mRNA y la velocidad necesaria para adaptarse a las variantes, que permita a la vez una escalabilidad de la producci\u00f3n fiable\u00bb, agreg\u00f3.<\/p>\n<p>Moderna anunci\u00f3 inversiones que permitir\u00e1n duplicar la producci\u00f3n de f\u00e1rmacos en las instalaciones de Lonza en Suiza; m\u00e1s que duplicar las de Rovi en Espa\u00f1a, e incrementar un 50 % las de sus plantas en Estados Unidos, que se suman a recientes acuerdos con Catalent y Sanofi y a \u00abnegociaciones avanzadas\u00bb con otros actores.<\/p>\n<p>\u00abLa compa\u00f1\u00eda empezar\u00e1 a hacer inversiones en sus instalaciones de producci\u00f3n propias y asociadas en 2021, con expectativas de que los incrementos de producci\u00f3n resultantes se eleven a finales de 2021 y principios de 2020\u00bb, indic\u00f3 Moderna.<\/p>\n<p>Asimismo, Moderna se\u00f1al\u00f3 que la formulaci\u00f3n actual de su vacuna anticovid puede aguantar 3 meses refrigerada a entre 2 y 8 grados cent\u00edgrados. Hasta ahora est\u00e1 aprobada para almacenamiento a esa temperatura hasta un mes, y hasta siete meses en un congelador a menos de 20 grados cent\u00edgrados.<\/p>\n<p>Respecto a sus vacunas de refuerzo contra variantes que est\u00e1 ensayando, la firma insisti\u00f3 en que ser\u00e1n necesarias porque hay estudios que predicen que la inmunidad decreciente impactar\u00e1 a la eficacia de la vacuna en 12 meses, y dijo que podr\u00e1 estimar mejor su suministro en 2022.<\/p>\n<p>&nbsp;<\/p>\n<p>Fuente: EFE<\/p>\n","protected":false},"excerpt":{"rendered":"<p>Nueva York, (EFE).- &nbsp; La biotecnol\u00f3gica estadounidense Moderna anunci\u00f3 este <a href=\"https:\/\/sertv.gob.pa\/nacionalfm\/moderna-anuncia-inversiones-para-incrementar-su-suministro-global-de-vacunas\/\"> [&#8230;]<\/a><\/p>\n","protected":false},"author":9,"featured_media":68137,"comment_status":"closed","ping_status":"closed","sticky":false,"template":"","format":"standard","meta":{"footnotes":""},"categories":[3],"tags":[],"class_list":["post-68136","post","type-post","status-publish","format-standard","has-post-thumbnail","hentry","category-internacionales"],"_links":{"self":[{"href":"https:\/\/sertv.gob.pa\/nacionalfm\/wp-json\/wp\/v2\/posts\/68136","targetHints":{"allow":["GET"]}}],"collection":[{"href":"https:\/\/sertv.gob.pa\/nacionalfm\/wp-json\/wp\/v2\/posts"}],"about":[{"href":"https:\/\/sertv.gob.pa\/nacionalfm\/wp-json\/wp\/v2\/types\/post"}],"author":[{"embeddable":true,"href":"https:\/\/sertv.gob.pa\/nacionalfm\/wp-json\/wp\/v2\/users\/9"}],"replies":[{"embeddable":true,"href":"https:\/\/sertv.gob.pa\/nacionalfm\/wp-json\/wp\/v2\/comments?post=68136"}],"version-history":[{"count":1,"href":"https:\/\/sertv.gob.pa\/nacionalfm\/wp-json\/wp\/v2\/posts\/68136\/revisions"}],"predecessor-version":[{"id":68138,"href":"https:\/\/sertv.gob.pa\/nacionalfm\/wp-json\/wp\/v2\/posts\/68136\/revisions\/68138"}],"wp:featuredmedia":[{"embeddable":true,"href":"https:\/\/sertv.gob.pa\/nacionalfm\/wp-json\/wp\/v2\/media\/68137"}],"wp:attachment":[{"href":"https:\/\/sertv.gob.pa\/nacionalfm\/wp-json\/wp\/v2\/media?parent=68136"}],"wp:term":[{"taxonomy":"category","embeddable":true,"href":"https:\/\/sertv.gob.pa\/nacionalfm\/wp-json\/wp\/v2\/categories?post=68136"},{"taxonomy":"post_tag","embeddable":true,"href":"https:\/\/sertv.gob.pa\/nacionalfm\/wp-json\/wp\/v2\/tags?post=68136"}],"curies":[{"name":"wp","href":"https:\/\/api.w.org\/{rel}","templated":true}]}}