{"id":68139,"date":"2021-04-29T17:21:29","date_gmt":"2021-04-29T17:21:29","guid":{"rendered":"https:\/\/sertv.gob.pa\/nacionalfm\/?p=68139"},"modified":"2021-04-29T17:21:29","modified_gmt":"2021-04-29T17:21:29","slug":"los-pacientes-con-sobrepeso-tienen-un-mayor-riesgo-de-sufrir-una-covid-grave","status":"publish","type":"post","link":"https:\/\/sertv.gob.pa\/nacionalfm\/los-pacientes-con-sobrepeso-tienen-un-mayor-riesgo-de-sufrir-una-covid-grave\/","title":{"rendered":"Los pacientes con sobrepeso tienen un mayor riesgo de sufrir una covid grave"},"content":{"rendered":"<p><strong><em>Londres, (EFE).- <\/em><\/strong><\/p>\n<p>&nbsp;<\/p>\n<p>Los pacientes con sobrepeso padecen un mayor riesgo de hospitalizaci\u00f3n por complicaciones de la covid, seg\u00fan corrobora un amplio estudio publicado este jueves en la revista m\u00e9dica \u00abThe Lancet Diabetes &amp; Endocrinology\u00bb.<\/p>\n<p>La investigaci\u00f3n, liderada por cient\u00edficos de la Universidad de Oxford, se basa en m\u00e1s de 6,9 millones de personas que viven en Inglaterra e incluye datos de unos 20.000 pacientes con covid que fueron ingresados o que murieron durante la primera ola de la pandemia.<\/p>\n<p>Los resultados del estudio concluyeron que el riesgo de padecer una covid grave comienza a aumentar en personas con un \u00edndice de masa corporal (IMC) superior a 23 kg\/m2, considerado dentro del rango saludable.<\/p>\n<p>A partir de ese umbral, con cada unidad a\u00f1adida al IMC, las probabilidades de hospitalizaci\u00f3n por covid ascienden un 5 %, mientras que el riesgo de admisi\u00f3n a curas intensivas sube un 10 % m\u00e1s.<\/p>\n<p>Asimismo, la investigaci\u00f3n sostiene que las personas de bajo peso, con un IMC inferior a 18,5, tambi\u00e9n son m\u00e1s vulnerables ante una covid severa.<\/p>\n<p>Los autores del art\u00edculo se\u00f1alan que los efectos del sobrepeso en el riesgo de padecer complicaciones por el coronavirus no afectan por igual a todos los grupos de edad, sino que los j\u00f3venes de 20 a 39 a\u00f1os resultan los m\u00e1s perjudicados.<\/p>\n<p>Por contra, el riesgo por exceso de peso disminuye despu\u00e9s de los 60 a\u00f1os y tiene muy poco impacto en personas mayores de 80 a\u00f1os.<\/p>\n<p>Aparte, los cient\u00edficos constatan al comparar datos seg\u00fan etnias que las personas negras tienen un mayor riesgo de padecer una covid severa como consecuencia de un IMC m\u00e1s alto.<\/p>\n<p>Si bien estudios previos ya hab\u00edan certificado que la obesidad se asocia a m\u00e1s complicaciones por la covid, la investigaci\u00f3n que publica \u00abThe Lancet\u00bb es la primera en analizar los efectos de todos los umbrales del IMC.<\/p>\n<p>\u00abEstos hallazgos sugieren que las pol\u00edticas de vacunaci\u00f3n deben priorizar a las personas con obesidad, especialmente ahora que la vacuna se est\u00e1 implementando en grupos de edad m\u00e1s j\u00f3venes\u00bb, indica en un comunicado la autora principal del estudio, Carmen Piernas, del departamento Nuffield de Ciencias de la Salud de Atenci\u00f3n Primaria de la Universidad de Oxford.<\/p>\n<p>&nbsp;<\/p>\n<p>Fuente: EFE<\/p>\n","protected":false},"excerpt":{"rendered":"<p>Londres, (EFE).- &nbsp; Los pacientes con sobrepeso padecen un mayor <a href=\"https:\/\/sertv.gob.pa\/nacionalfm\/los-pacientes-con-sobrepeso-tienen-un-mayor-riesgo-de-sufrir-una-covid-grave\/\"> [&#8230;]<\/a><\/p>\n","protected":false},"author":9,"featured_media":68140,"comment_status":"closed","ping_status":"closed","sticky":false,"template":"","format":"standard","meta":{"footnotes":""},"categories":[3],"tags":[],"class_list":["post-68139","post","type-post","status-publish","format-standard","has-post-thumbnail","hentry","category-internacionales"],"_links":{"self":[{"href":"https:\/\/sertv.gob.pa\/nacionalfm\/wp-json\/wp\/v2\/posts\/68139","targetHints":{"allow":["GET"]}}],"collection":[{"href":"https:\/\/sertv.gob.pa\/nacionalfm\/wp-json\/wp\/v2\/posts"}],"about":[{"href":"https:\/\/sertv.gob.pa\/nacionalfm\/wp-json\/wp\/v2\/types\/post"}],"author":[{"embeddable":true,"href":"https:\/\/sertv.gob.pa\/nacionalfm\/wp-json\/wp\/v2\/users\/9"}],"replies":[{"embeddable":true,"href":"https:\/\/sertv.gob.pa\/nacionalfm\/wp-json\/wp\/v2\/comments?post=68139"}],"version-history":[{"count":1,"href":"https:\/\/sertv.gob.pa\/nacionalfm\/wp-json\/wp\/v2\/posts\/68139\/revisions"}],"predecessor-version":[{"id":68141,"href":"https:\/\/sertv.gob.pa\/nacionalfm\/wp-json\/wp\/v2\/posts\/68139\/revisions\/68141"}],"wp:featuredmedia":[{"embeddable":true,"href":"https:\/\/sertv.gob.pa\/nacionalfm\/wp-json\/wp\/v2\/media\/68140"}],"wp:attachment":[{"href":"https:\/\/sertv.gob.pa\/nacionalfm\/wp-json\/wp\/v2\/media?parent=68139"}],"wp:term":[{"taxonomy":"category","embeddable":true,"href":"https:\/\/sertv.gob.pa\/nacionalfm\/wp-json\/wp\/v2\/categories?post=68139"},{"taxonomy":"post_tag","embeddable":true,"href":"https:\/\/sertv.gob.pa\/nacionalfm\/wp-json\/wp\/v2\/tags?post=68139"}],"curies":[{"name":"wp","href":"https:\/\/api.w.org\/{rel}","templated":true}]}}