{"id":68142,"date":"2021-04-29T17:40:14","date_gmt":"2021-04-29T17:40:14","guid":{"rendered":"https:\/\/sertv.gob.pa\/nacionalfm\/?p=68142"},"modified":"2021-04-29T17:40:14","modified_gmt":"2021-04-29T17:40:14","slug":"brasil-rebasa-las-400-000-muertes-por-covid-19","status":"publish","type":"post","link":"https:\/\/sertv.gob.pa\/nacionalfm\/brasil-rebasa-las-400-000-muertes-por-covid-19\/","title":{"rendered":"Brasil rebasa las 400.000 muertes por covid-19"},"content":{"rendered":"<p><strong><em>\u00a0<\/em><\/strong><\/p>\n<p><strong><em>Sao Paulo, (EFE).- <\/em><\/strong><\/p>\n<p><strong><em>\u00a0<\/em><\/strong><\/p>\n<p>Brasil sobrepas\u00f3 este jueves los 400.000 fallecidos por covid-19 desde el inicio de la pandemia hace poco m\u00e1s de un a\u00f1o, seg\u00fan inform\u00f3 un consorcio de medios de comunicaci\u00f3n con base en datos de los Gobiernos regionales.<\/p>\n<p>El pa\u00eds, el m\u00e1s afectado de Latinoam\u00e9rica por la enfermedad, ha registrado sus \u00faltimos 100.000 fallecidos en apenas 36 d\u00edas, en medio de una segunda ola de la pandemia m\u00e1s virulenta y letal que ha llevado al sistema p\u00fablico de salud al borde del colapso.<\/p>\n<p>Los datos corresponden a un consorcio de los principales medios de comunicaci\u00f3n brasile\u00f1os que recopilan las estad\u00edsticas que divulgan las secretar\u00edas de Salud de los 27 estados del pa\u00eds.<\/p>\n<p>Brasil es el segundo pa\u00eds con m\u00e1s v\u00edctimas mortales relacionadas con el coronavirus, despu\u00e9s de Estados Unidos, y el tercero con m\u00e1s infectados, con m\u00e1s de 14,5 millones, tras EE.UU. e India, convertido ahora en el principal foco global de la pandemia.<\/p>\n<p>La segunda ola empez\u00f3 a sentirse en Brasil a finales del pasado noviembre, pero creci\u00f3 de forma exponencial a partir de 2021.<\/p>\n<p>Entre los factores detr\u00e1s de ese repentino &#8216;tsunami&#8217; de contagios y decesos est\u00e1n la circulaci\u00f3n de variantes m\u00e1s infecciosas, entre ellas dos de origen brasile\u00f1o, conocidas como P.1 y P.2; la relajaci\u00f3n de las restricciones a la movilidad y el cansancio social.<\/p>\n<p>Ello llev\u00f3 a que en los cuatro primeros meses de este a\u00f1o Brasil haya contabilizado m\u00e1s fallecidos por covid-19 que los 194.949 registrados en todo 2020.<\/p>\n<p>No obstante, el ritmo de infecciones y decesos vinculados a la pandemia ha descendido ligeramente en las \u00faltimas dos semanas, aunque contin\u00faa en niveles elevad\u00edsimos.<\/p>\n<p>De hecho, los especialistas sanitarios ya han anticipado una tercera ola en el pa\u00eds como consecuencia de la desescalada de las medidas sanitarias que las Administraciones locales impusieron durante un breve periodo para contener la segunda, pues la incidencia sigue siendo alta.<\/p>\n<p>En los \u00faltimos siete d\u00edas, Brasil ha registrado de media unos 57.000 positivos y cerca de 2.400 decesos diarios vinculados con el nuevo coronavirus.<\/p>\n<p>El m\u00e1ximo diario de infecciones lo alcanz\u00f3 el 25 de marzo, con 100.158, y el de muertes el 8 de abril, cuando report\u00f3 4.249.<\/p>\n<p>&nbsp;<\/p>\n<p>Fuente: EFE<\/p>\n","protected":false},"excerpt":{"rendered":"<p>\u00a0 Sao Paulo, (EFE).- \u00a0 Brasil sobrepas\u00f3 este jueves los <a href=\"https:\/\/sertv.gob.pa\/nacionalfm\/brasil-rebasa-las-400-000-muertes-por-covid-19\/\"> [&#8230;]<\/a><\/p>\n","protected":false},"author":9,"featured_media":68143,"comment_status":"closed","ping_status":"closed","sticky":false,"template":"","format":"standard","meta":{"footnotes":""},"categories":[3],"tags":[],"class_list":["post-68142","post","type-post","status-publish","format-standard","has-post-thumbnail","hentry","category-internacionales"],"_links":{"self":[{"href":"https:\/\/sertv.gob.pa\/nacionalfm\/wp-json\/wp\/v2\/posts\/68142","targetHints":{"allow":["GET"]}}],"collection":[{"href":"https:\/\/sertv.gob.pa\/nacionalfm\/wp-json\/wp\/v2\/posts"}],"about":[{"href":"https:\/\/sertv.gob.pa\/nacionalfm\/wp-json\/wp\/v2\/types\/post"}],"author":[{"embeddable":true,"href":"https:\/\/sertv.gob.pa\/nacionalfm\/wp-json\/wp\/v2\/users\/9"}],"replies":[{"embeddable":true,"href":"https:\/\/sertv.gob.pa\/nacionalfm\/wp-json\/wp\/v2\/comments?post=68142"}],"version-history":[{"count":1,"href":"https:\/\/sertv.gob.pa\/nacionalfm\/wp-json\/wp\/v2\/posts\/68142\/revisions"}],"predecessor-version":[{"id":68144,"href":"https:\/\/sertv.gob.pa\/nacionalfm\/wp-json\/wp\/v2\/posts\/68142\/revisions\/68144"}],"wp:featuredmedia":[{"embeddable":true,"href":"https:\/\/sertv.gob.pa\/nacionalfm\/wp-json\/wp\/v2\/media\/68143"}],"wp:attachment":[{"href":"https:\/\/sertv.gob.pa\/nacionalfm\/wp-json\/wp\/v2\/media?parent=68142"}],"wp:term":[{"taxonomy":"category","embeddable":true,"href":"https:\/\/sertv.gob.pa\/nacionalfm\/wp-json\/wp\/v2\/categories?post=68142"},{"taxonomy":"post_tag","embeddable":true,"href":"https:\/\/sertv.gob.pa\/nacionalfm\/wp-json\/wp\/v2\/tags?post=68142"}],"curies":[{"name":"wp","href":"https:\/\/api.w.org\/{rel}","templated":true}]}}