{"id":68195,"date":"2021-04-30T15:28:50","date_gmt":"2021-04-30T15:28:50","guid":{"rendered":"https:\/\/sertv.gob.pa\/nacionalfm\/?p=68195"},"modified":"2021-04-30T15:28:50","modified_gmt":"2021-04-30T15:28:50","slug":"biontech-y-pfizer-piden-autorizacion-a-la-ema-para-vacunar-a-adolescentes-de-entre-12-y-15-anos","status":"publish","type":"post","link":"https:\/\/sertv.gob.pa\/nacionalfm\/biontech-y-pfizer-piden-autorizacion-a-la-ema-para-vacunar-a-adolescentes-de-entre-12-y-15-anos\/","title":{"rendered":"BioNTech y Pfizer piden autorizaci\u00f3n a la EMA para vacunar a adolescentes de entre 12 y 15 a\u00f1os"},"content":{"rendered":"<p><strong><em>Berl\u00edn, (EFE).- <\/em><\/strong><\/p>\n<p>&nbsp;<\/p>\n<p>Las farmac\u00e9uticas BioNTech y Pfizer han solicitado a la Agencia Europea de Medicamentos (EMA) ampliar la autorizaci\u00f3n de su vacuna contra la covid a adolescentes de entre 12 y 15 a\u00f1os, informaron este viernes ambas compa\u00f1\u00edas.<\/p>\n<p>En un comunicado conjunto explican que probaron en fase III su f\u00f3rmula contra el coronavirus en 2.260 adolescentes y que, como ya anunciaron a finales de marzo, la efectividad de la vacuna fue del 100 % y con una \u00abs\u00f3lida\u00bb respuesta inmunol\u00f3gica. En las pruebas, agregan, la vacuna fue \u00abbien tolerada en t\u00e9rminos generales\u00bb.<\/p>\n<p>Los adolescentes participantes en la prueba, no obstante, seguir\u00e1n siendo monitoreados de forma regular durante los pr\u00f3ximos dos a\u00f1os, para comprobar la protecci\u00f3n a largo plazo de la vacuna y su seguridad.<\/p>\n<p>La alemana BioNTech y la estadounidense Pfizer indican asimismo en la nota que ya han dado un paso similar en Estados Unidos, donde han pedido que se adapte su actual permiso de emergencia, y que piensan proceder de la misma forma en otras circunscripciones.<\/p>\n<p>Las dos farmac\u00e9uticas fueron las primeras en anunciar, el pasado noviembre, que su vacuna contra el nuevo coronavirus -basada en la novedosa t\u00e9cnica de \u00e1cido ribonucl\u00e9ico mensajero (mRNA), propiedad de BioNTech- era altamente efectiva.<\/p>\n<p>La f\u00f3rmula fue autorizada semanas despu\u00e9s en Estados Unidos y Reino Unido y posteriormente en la Uni\u00f3n Europea (UE), donde empez\u00f3 a administrarse a finales del a\u00f1o pasado.<\/p>\n<p>Poco despu\u00e9s tambi\u00e9n empez\u00f3 a autorizarse la vacuna de la estadounidense Moderna, que se basa en unos principios similares.<\/p>\n<p>Algo m\u00e1s tarde comenzaron a comercializarse otras vacunas contra la covid, \u00e9stas de tipo vectorial, como las de AstraZeneca, Johnson &amp; Johnson y Janssen. La rusa Sputnik V y algunas de las f\u00f3rmulas aprobadas en China son tambi\u00e9n similares.<\/p>\n<p>&nbsp;<\/p>\n<p>Fuente: EFE<\/p>\n","protected":false},"excerpt":{"rendered":"<p>Berl\u00edn, (EFE).- &nbsp; Las farmac\u00e9uticas BioNTech y Pfizer han solicitado <a href=\"https:\/\/sertv.gob.pa\/nacionalfm\/biontech-y-pfizer-piden-autorizacion-a-la-ema-para-vacunar-a-adolescentes-de-entre-12-y-15-anos\/\"> [&#8230;]<\/a><\/p>\n","protected":false},"author":9,"featured_media":68196,"comment_status":"closed","ping_status":"closed","sticky":false,"template":"","format":"standard","meta":{"footnotes":""},"categories":[3],"tags":[],"class_list":["post-68195","post","type-post","status-publish","format-standard","has-post-thumbnail","hentry","category-internacionales"],"_links":{"self":[{"href":"https:\/\/sertv.gob.pa\/nacionalfm\/wp-json\/wp\/v2\/posts\/68195","targetHints":{"allow":["GET"]}}],"collection":[{"href":"https:\/\/sertv.gob.pa\/nacionalfm\/wp-json\/wp\/v2\/posts"}],"about":[{"href":"https:\/\/sertv.gob.pa\/nacionalfm\/wp-json\/wp\/v2\/types\/post"}],"author":[{"embeddable":true,"href":"https:\/\/sertv.gob.pa\/nacionalfm\/wp-json\/wp\/v2\/users\/9"}],"replies":[{"embeddable":true,"href":"https:\/\/sertv.gob.pa\/nacionalfm\/wp-json\/wp\/v2\/comments?post=68195"}],"version-history":[{"count":1,"href":"https:\/\/sertv.gob.pa\/nacionalfm\/wp-json\/wp\/v2\/posts\/68195\/revisions"}],"predecessor-version":[{"id":68197,"href":"https:\/\/sertv.gob.pa\/nacionalfm\/wp-json\/wp\/v2\/posts\/68195\/revisions\/68197"}],"wp:featuredmedia":[{"embeddable":true,"href":"https:\/\/sertv.gob.pa\/nacionalfm\/wp-json\/wp\/v2\/media\/68196"}],"wp:attachment":[{"href":"https:\/\/sertv.gob.pa\/nacionalfm\/wp-json\/wp\/v2\/media?parent=68195"}],"wp:term":[{"taxonomy":"category","embeddable":true,"href":"https:\/\/sertv.gob.pa\/nacionalfm\/wp-json\/wp\/v2\/categories?post=68195"},{"taxonomy":"post_tag","embeddable":true,"href":"https:\/\/sertv.gob.pa\/nacionalfm\/wp-json\/wp\/v2\/tags?post=68195"}],"curies":[{"name":"wp","href":"https:\/\/api.w.org\/{rel}","templated":true}]}}