{"id":68198,"date":"2021-04-30T15:49:10","date_gmt":"2021-04-30T15:49:10","guid":{"rendered":"https:\/\/sertv.gob.pa\/nacionalfm\/?p=68198"},"modified":"2021-04-30T15:49:10","modified_gmt":"2021-04-30T15:49:10","slug":"copacabana-se-tine-de-luto-en-memoria-de-400-000-muertos-de-covid-en-brasil","status":"publish","type":"post","link":"https:\/\/sertv.gob.pa\/nacionalfm\/copacabana-se-tine-de-luto-en-memoria-de-400-000-muertos-de-covid-en-brasil\/","title":{"rendered":"Copacabana se ti\u00f1e de luto en memoria de 400.000 muertos de covid en Brasil"},"content":{"rendered":"<p><strong><em>R\u00edo de Janeiro, (EFE).- <\/em><\/strong><\/p>\n<p>&nbsp;<\/p>\n<p>La emblem\u00e1tica playa de Copacabana en R\u00edo de Janeiro se ti\u00f1\u00f3 este viernes de luto en homenaje a las 400.000 v\u00edctimas que la covid-19 ha dejado en Brasil, uno de los pa\u00edses del mundo m\u00e1s afectados por la pandemia.<\/p>\n<p>La ONG Rio de Paz realiz\u00f3 hoy un acto en la arena de Copacabana en protesta contra la gesti\u00f3n del Gobierno del presidente Jair Bolsonaro durante la pandemia, la cual ha dejado m\u00e1s muertos por covid-19 en los primeros cuatro meses de 2021 que en todo el a\u00f1o anterior.<\/p>\n<p>La entidad esparci\u00f3 400 sacos negros para cad\u00e1veres en la playa, simbolizando las 400.000 v\u00edctimas por coronavirus en el pa\u00eds, una triste marca que el pa\u00eds sobrepas\u00f3 la v\u00edspera.<\/p>\n<p>\u00abEs una reproducci\u00f3n de una escena emblem\u00e1tica del actual momento de nuestra historia\u00bb, dijo en declaraciones a Efe el presidente de Rio de Paz, Antonio Carlos Costa.<\/p>\n<p>El pa\u00eds registr\u00f3 su primer fallecido por coronavirus el 12 de marzo de 2020 y en poco m\u00e1s de catorce meses ha llegado a 401.186, casi el 13 % del total mundial, cuando Brasil apenas representa un 3 % de la poblaci\u00f3n del planeta.<\/p>\n<p>Brasil es el segundo pa\u00eds con m\u00e1s v\u00edctimas mortales relacionadas con la covid-19, despu\u00e9s de Estados Unidos, y el tercero con m\u00e1s infectados, con m\u00e1s de 14,5 millones, tras EE.UU. e India, convertido ahora en el principal foco global de la pandemia.<\/p>\n<p>\u00abSon hechos que no fueron fabricados por los medios de comunicaci\u00f3n y es humillante para nuestra democracia. Callarnos en este momento significa ser c\u00f3mplices de los cr\u00edmenes cometidos por la clase gobernante brasile\u00f1a\u00bb, se\u00f1al\u00f3 Costa.<\/p>\n<p>Y agreg\u00f3: \u00abEl Gobierno federal se equivoc\u00f3 mucho desde el comienzo de la pandemia, minimiz\u00f3 el poder letal de ese virus, no present\u00f3 al pa\u00eds un plan de \u00e1mbito nacional y prescribi\u00f3 medicamentos sin la m\u00ednima comprobaci\u00f3n cient\u00edfica\u00bb.<\/p>\n<p>&nbsp;<\/p>\n<p>Fuente: EFE<\/p>\n","protected":false},"excerpt":{"rendered":"<p>R\u00edo de Janeiro, (EFE).- &nbsp; La emblem\u00e1tica playa de Copacabana <a href=\"https:\/\/sertv.gob.pa\/nacionalfm\/copacabana-se-tine-de-luto-en-memoria-de-400-000-muertos-de-covid-en-brasil\/\"> [&#8230;]<\/a><\/p>\n","protected":false},"author":9,"featured_media":68199,"comment_status":"closed","ping_status":"closed","sticky":false,"template":"","format":"standard","meta":{"footnotes":""},"categories":[3],"tags":[],"class_list":["post-68198","post","type-post","status-publish","format-standard","has-post-thumbnail","hentry","category-internacionales"],"_links":{"self":[{"href":"https:\/\/sertv.gob.pa\/nacionalfm\/wp-json\/wp\/v2\/posts\/68198","targetHints":{"allow":["GET"]}}],"collection":[{"href":"https:\/\/sertv.gob.pa\/nacionalfm\/wp-json\/wp\/v2\/posts"}],"about":[{"href":"https:\/\/sertv.gob.pa\/nacionalfm\/wp-json\/wp\/v2\/types\/post"}],"author":[{"embeddable":true,"href":"https:\/\/sertv.gob.pa\/nacionalfm\/wp-json\/wp\/v2\/users\/9"}],"replies":[{"embeddable":true,"href":"https:\/\/sertv.gob.pa\/nacionalfm\/wp-json\/wp\/v2\/comments?post=68198"}],"version-history":[{"count":1,"href":"https:\/\/sertv.gob.pa\/nacionalfm\/wp-json\/wp\/v2\/posts\/68198\/revisions"}],"predecessor-version":[{"id":68200,"href":"https:\/\/sertv.gob.pa\/nacionalfm\/wp-json\/wp\/v2\/posts\/68198\/revisions\/68200"}],"wp:featuredmedia":[{"embeddable":true,"href":"https:\/\/sertv.gob.pa\/nacionalfm\/wp-json\/wp\/v2\/media\/68199"}],"wp:attachment":[{"href":"https:\/\/sertv.gob.pa\/nacionalfm\/wp-json\/wp\/v2\/media?parent=68198"}],"wp:term":[{"taxonomy":"category","embeddable":true,"href":"https:\/\/sertv.gob.pa\/nacionalfm\/wp-json\/wp\/v2\/categories?post=68198"},{"taxonomy":"post_tag","embeddable":true,"href":"https:\/\/sertv.gob.pa\/nacionalfm\/wp-json\/wp\/v2\/tags?post=68198"}],"curies":[{"name":"wp","href":"https:\/\/api.w.org\/{rel}","templated":true}]}}