{"id":68201,"date":"2021-04-30T17:00:05","date_gmt":"2021-04-30T17:00:05","guid":{"rendered":"https:\/\/sertv.gob.pa\/nacionalfm\/?p=68201"},"modified":"2021-04-30T17:00:05","modified_gmt":"2021-04-30T17:00:05","slug":"ee-uu-cuenta-ya-con-cien-millones-de-personas-completamente-vacunadas","status":"publish","type":"post","link":"https:\/\/sertv.gob.pa\/nacionalfm\/ee-uu-cuenta-ya-con-cien-millones-de-personas-completamente-vacunadas\/","title":{"rendered":"EE.UU. cuenta ya con cien millones de personas completamente vacunadas"},"content":{"rendered":"<p><strong><em>Washington, (EFE).- <\/em><\/strong><\/p>\n<p>&nbsp;<\/p>\n<p>Cien millones de estadounidenses mayores de 16 a\u00f1os est\u00e1n ya completamente vacunados contra la covid-19, inform\u00f3 este viernes el equipo de respuesta contra la pandemia del Gobierno del presidente Joe Biden.<\/p>\n<p>\u00abEsto supone cien millones de estadounidenses con sensaci\u00f3n de alivio y paz mental, sabiendo que despu\u00e9s de un largo y duro a\u00f1o est\u00e1n protegidos contra el virus\u00bb, se\u00f1al\u00f3 Jeff Zients, el coordinador de la respuesta contra la covid-19 de la Casa Blanca, en rueda de prensa.<\/p>\n<p>En total, se han administrado por ahora en el pa\u00eds m\u00e1s de 230 millones de dosis de algunas de las vacunas disponibles: las de Moderna y Pfizer, que requieren dos inyecciones, y la de monodosis de Johnson &amp; Johnson, seg\u00fan los datos de los Centros de Control y Prevenci\u00f3n de Enfermedades (CDC, en ingl\u00e9s).<\/p>\n<p>En la \u00faltima semana, la media diaria de dosis administradas fue de 2,6 millones, con lo que se espera cumplir con la promesa de Biden de tener suficientes vacunas disponibles para todos los estadounidenses a finales de mayo.<\/p>\n<p>Las personas completamente vacunadas pueden cumplir as\u00ed con las nuevas directrices marcadas por los CDC esta semana, subray\u00f3 Zients, \u00aby disfrutar tiempo en el parque con su familia, cenando y socializando con sus amigos en el exterior sin la necesidad de llevar m\u00e1scara\u00bb.<\/p>\n<p>Aunque el n\u00famero de contagios diarios ha descendido en las \u00faltimas semanas, Estados Unidos sigue siendo el pa\u00eds m\u00e1s afectado del mundo por la pandemia de covid-19, con m\u00e1s de 575.000 fallecidos y 32 millones de casos confirmados.<\/p>\n<p>&nbsp;<\/p>\n<p>Fuente: EFE<\/p>\n","protected":false},"excerpt":{"rendered":"<p>Washington, (EFE).- &nbsp; Cien millones de estadounidenses mayores de 16 <a href=\"https:\/\/sertv.gob.pa\/nacionalfm\/ee-uu-cuenta-ya-con-cien-millones-de-personas-completamente-vacunadas\/\"> [&#8230;]<\/a><\/p>\n","protected":false},"author":9,"featured_media":68202,"comment_status":"closed","ping_status":"closed","sticky":false,"template":"","format":"standard","meta":{"footnotes":""},"categories":[3],"tags":[],"class_list":["post-68201","post","type-post","status-publish","format-standard","has-post-thumbnail","hentry","category-internacionales"],"_links":{"self":[{"href":"https:\/\/sertv.gob.pa\/nacionalfm\/wp-json\/wp\/v2\/posts\/68201","targetHints":{"allow":["GET"]}}],"collection":[{"href":"https:\/\/sertv.gob.pa\/nacionalfm\/wp-json\/wp\/v2\/posts"}],"about":[{"href":"https:\/\/sertv.gob.pa\/nacionalfm\/wp-json\/wp\/v2\/types\/post"}],"author":[{"embeddable":true,"href":"https:\/\/sertv.gob.pa\/nacionalfm\/wp-json\/wp\/v2\/users\/9"}],"replies":[{"embeddable":true,"href":"https:\/\/sertv.gob.pa\/nacionalfm\/wp-json\/wp\/v2\/comments?post=68201"}],"version-history":[{"count":1,"href":"https:\/\/sertv.gob.pa\/nacionalfm\/wp-json\/wp\/v2\/posts\/68201\/revisions"}],"predecessor-version":[{"id":68203,"href":"https:\/\/sertv.gob.pa\/nacionalfm\/wp-json\/wp\/v2\/posts\/68201\/revisions\/68203"}],"wp:featuredmedia":[{"embeddable":true,"href":"https:\/\/sertv.gob.pa\/nacionalfm\/wp-json\/wp\/v2\/media\/68202"}],"wp:attachment":[{"href":"https:\/\/sertv.gob.pa\/nacionalfm\/wp-json\/wp\/v2\/media?parent=68201"}],"wp:term":[{"taxonomy":"category","embeddable":true,"href":"https:\/\/sertv.gob.pa\/nacionalfm\/wp-json\/wp\/v2\/categories?post=68201"},{"taxonomy":"post_tag","embeddable":true,"href":"https:\/\/sertv.gob.pa\/nacionalfm\/wp-json\/wp\/v2\/tags?post=68201"}],"curies":[{"name":"wp","href":"https:\/\/api.w.org\/{rel}","templated":true}]}}