{"id":68210,"date":"2021-04-30T17:36:00","date_gmt":"2021-04-30T17:36:00","guid":{"rendered":"https:\/\/sertv.gob.pa\/nacionalfm\/?p=68210"},"modified":"2021-04-30T17:36:00","modified_gmt":"2021-04-30T17:36:00","slug":"elevan-a-25-los-muertos-y-a-60-a-los-heridos-en-un-atentado-en-afganistan","status":"publish","type":"post","link":"https:\/\/sertv.gob.pa\/nacionalfm\/elevan-a-25-los-muertos-y-a-60-a-los-heridos-en-un-atentado-en-afganistan\/","title":{"rendered":"Elevan a 25 los muertos y a 60 a los heridos en un atentado en Afganist\u00e1n"},"content":{"rendered":"<p><strong><em>Kabul, (EFE).- <\/em><\/strong><\/p>\n<p>&nbsp;<\/p>\n<p>Las autoridades afganas elevaron a 25 a los muertos y a 60 a los heridos a causa de un atentado con un veh\u00edculo cargado de explosivos ocurrido este viernes en el este de Afganist\u00e1n, que ha provocado adem\u00e1s el derrumbe de edificios y da\u00f1os al principal hospital de la zona.<\/p>\n<p>\u00abLa potente explosi\u00f3n ha da\u00f1ado y destruido casas en una \u00e1rea de hasta un kil\u00f3metro. La mayor\u00eda de los muertos se encuentran bajo las ruinas. Tenemos a unas 25 personas muertas ya m\u00e1s de 60 heridas\u00bb, dijo a Efe Hasibullah Stanekzai, el presidente del Consejo Provincial de Logar, donde tuvo lugar el ataque.<\/p>\n<p>Stanekzai afirm\u00f3, adem\u00e1s, que el hospital provincial ha resultado parcialmente da\u00f1ado por la explosi\u00f3n.<\/p>\n<p>\u00abAlgunos de los pacientes que se encontraban en las camas del hospital han resultado tambi\u00e9n heridos\u00bb, lament\u00f3.<\/p>\n<p>El portavoz del Ministerio del Interior, Tariq Arian, afirm\u00f3 en un comunicado que la cifra de muertos \u00abpodr\u00eda aumentar porque varios tejados se han hundido sobre la gente, estudiantes y viandantes\u00bb.<\/p>\n<p>La explosi\u00f3n tuvo lugar hacia las 19.00 hora local (14.30 GMT) en Pul-e-Alam, la capital de la provincia de Logar, precis\u00f3 Arian.<\/p>\n<p>\u00abLa explosi\u00f3n tuvo lugar en una zona residencial y cerca de un hospital, causando bajas entre los civiles. Las fuerzas de seguridad se encuentran en la zona para controlar la situaci\u00f3n y responder a las necesidades\u00bb, a\u00f1adi\u00f3 el portavoz de Interior.<\/p>\n<p>El doctor Samar Gul Samar, el jefe del Directorio de Salud P\u00fablica de Logar, explic\u00f3 a Efe que varios m\u00e9dicos del hospital provincial resultaron asimismo heridos. La explosi\u00f3n ha obligado al personal sanitario a tratar a los pacientes entre cristales rotos.<\/p>\n<p>El ministro de Salud en funciones, Wahidullah Majroh, afirm\u00f3 en un breve comunicado que \u00abse han enviado diez ambulancias de Kabul a Logar para evacuar a las personas heridas y todos los hospitales de Kabul est\u00e1n listos para tratar a los heridos\u00bb.<\/p>\n<p>Por el momento, ning\u00fan grupo insurgente ha reivindicado la autor\u00eda del atentado.<\/p>\n<p>Este suceso tuvo lugar mientras Estados Unidos se prepara para comenzar la retirada de sus tropas del este pa\u00eds a partir del s\u00e1bado, un proceso que culminar\u00e1 hacia el vig\u00e9simo aniversario del atentado del 11 de septiembre, un retraso de cinco meses respecto a la fecha inicialmente prevista.<\/p>\n<p>El presidente estadounidense, Joe Biden, anunci\u00f3 hace dos semanas la decisi\u00f3n de retirar a sus casi 3.500 efectivos de Afganist\u00e1n, al mismo tiempo que los aliados de la OTAN retirar\u00e1n a sus cerca de 7.000 militares.<\/p>\n<p>EEUU y la formaci\u00f3n insurgente talib\u00e1n alcanzaron el a\u00f1o pasado en Doha un hist\u00f3rico acuerdo sobre la retirada de las tropas estadounidenses del pa\u00eds asi\u00e1tico, lo que permiti\u00f3 el inicio en septiembre de las estancadas negociaciones de paz intraafganas en curso en Doha.<\/p>\n<p>&nbsp;<\/p>\n<p>Fuente: EFE<\/p>\n","protected":false},"excerpt":{"rendered":"<p>Kabul, (EFE).- &nbsp; Las autoridades afganas elevaron a 25 a <a href=\"https:\/\/sertv.gob.pa\/nacionalfm\/elevan-a-25-los-muertos-y-a-60-a-los-heridos-en-un-atentado-en-afganistan\/\"> [&#8230;]<\/a><\/p>\n","protected":false},"author":9,"featured_media":68211,"comment_status":"closed","ping_status":"closed","sticky":false,"template":"","format":"standard","meta":{"footnotes":""},"categories":[3],"tags":[],"class_list":["post-68210","post","type-post","status-publish","format-standard","has-post-thumbnail","hentry","category-internacionales"],"_links":{"self":[{"href":"https:\/\/sertv.gob.pa\/nacionalfm\/wp-json\/wp\/v2\/posts\/68210","targetHints":{"allow":["GET"]}}],"collection":[{"href":"https:\/\/sertv.gob.pa\/nacionalfm\/wp-json\/wp\/v2\/posts"}],"about":[{"href":"https:\/\/sertv.gob.pa\/nacionalfm\/wp-json\/wp\/v2\/types\/post"}],"author":[{"embeddable":true,"href":"https:\/\/sertv.gob.pa\/nacionalfm\/wp-json\/wp\/v2\/users\/9"}],"replies":[{"embeddable":true,"href":"https:\/\/sertv.gob.pa\/nacionalfm\/wp-json\/wp\/v2\/comments?post=68210"}],"version-history":[{"count":1,"href":"https:\/\/sertv.gob.pa\/nacionalfm\/wp-json\/wp\/v2\/posts\/68210\/revisions"}],"predecessor-version":[{"id":68212,"href":"https:\/\/sertv.gob.pa\/nacionalfm\/wp-json\/wp\/v2\/posts\/68210\/revisions\/68212"}],"wp:featuredmedia":[{"embeddable":true,"href":"https:\/\/sertv.gob.pa\/nacionalfm\/wp-json\/wp\/v2\/media\/68211"}],"wp:attachment":[{"href":"https:\/\/sertv.gob.pa\/nacionalfm\/wp-json\/wp\/v2\/media?parent=68210"}],"wp:term":[{"taxonomy":"category","embeddable":true,"href":"https:\/\/sertv.gob.pa\/nacionalfm\/wp-json\/wp\/v2\/categories?post=68210"},{"taxonomy":"post_tag","embeddable":true,"href":"https:\/\/sertv.gob.pa\/nacionalfm\/wp-json\/wp\/v2\/tags?post=68210"}],"curies":[{"name":"wp","href":"https:\/\/api.w.org\/{rel}","templated":true}]}}