{"id":6828,"date":"2015-08-18T18:55:11","date_gmt":"2015-08-18T18:55:11","guid":{"rendered":""},"modified":"2015-08-18T18:55:11","modified_gmt":"2015-08-18T18:55:11","slug":"beber-cafe-puede-prevenir-recurrencia-de-cancer-de-colon","status":"publish","type":"post","link":"https:\/\/sertv.gob.pa\/nacionalfm\/beber-cafe-puede-prevenir-recurrencia-de-cancer-de-colon\/","title":{"rendered":"Beber caf\u00e9  puede prevenir recurrencia de c\u00e1ncer de colon"},"content":{"rendered":"<p>\nConsumir caf\u00e9 a diario disminuir\u00eda fuertemente la recurrencia del  c\u00e1ncer de colon  y aumentar\u00eda as\u00ed las posibilidades de cura, seg\u00fan un estudio publicado. <\/p>\n<p>Todos los pacientes analizados en este estudio cl\u00ednico hab\u00edan sido tratados mediante cirug\u00eda y quimioterapia por un c\u00e1ncer colorrectal de grado III. <\/p>\n<p>Esto significa que las c\u00e9lulas cancerosas hab\u00edan invadido los ganglios linf\u00e1ticos cercanos al tumor, pero no hab\u00edan avanzado m\u00e1s. <\/p>\n<p>Investigadores del centro para el c\u00e1ncer  Dana-Farber  de Boston (Massachusetts, noreste) descubrieron los mayores beneficios entre los pacientes que bebieron cuatro o m\u00e1s tazas de caf\u00e9 todos los d\u00edas (unos 460 miligramos de cafe\u00edna). <\/p>\n<p>Estos pacientes tuvieron un 42% menos de probabilidades de que el c\u00e1ncer regresara que los que no bebieron caf\u00e9, y ten\u00edan 33% menos probabilidades de fallecer debido al c\u00e1ncer o a cualquier otra causa\u00bb, se\u00f1al\u00f3 el estudio, publicado en el  Journal of Clinical Oncology . <\/p>\n<p>Consumir dos a tres tazas de caf\u00e9 por d\u00eda tuvo un efecto protector considerado modesto. El efecto fue pr\u00e1cticamente nulo con una taza o menos diaria, precisaron los cient\u00edficos. <\/p>\n<p>El estudio fue realizado a casi mil participantes que respondieron un cuestionario sobre sus h\u00e1bitos diet\u00e9ticos en el inicio del estudio, durante su quimioterapia y de nuevo un a\u00f1o despu\u00e9s. <\/p>\n<p>La mayor\u00eda de los casos en los que el c\u00e1ncer de colon regresa sucede en los cinco a\u00f1os posteriores al tratamiento, y es rara la recurrencia luego de ese lapso, se\u00f1al\u00f3 el doctor Charles Fuchs, director del centro del c\u00e1ncer gastrointestinal de  Dana-Farber , que dirigi\u00f3 el estudio. <\/p>\n<p>Para los pacientes con un tumor de colon de grado III el riesgo de recurrencia es de 35%, sin tomar en cuenta el efecto de la cafe\u00edna. <\/p>\n<p>\u00a0 <\/p>\n","protected":false},"excerpt":{"rendered":"<p>Consumir caf\u00e9 a diario disminuir\u00eda fuertemente la recurrencia del c\u00e1ncer <a href=\"https:\/\/sertv.gob.pa\/nacionalfm\/beber-cafe-puede-prevenir-recurrencia-de-cancer-de-colon\/\"> [&#8230;]<\/a><\/p>\n","protected":false},"author":1,"featured_media":6829,"comment_status":"closed","ping_status":"closed","sticky":false,"template":"","format":"standard","meta":{"footnotes":""},"categories":[5],"tags":[],"class_list":["post-6828","post","type-post","status-publish","format-standard","has-post-thumbnail","hentry","category-salud"],"_links":{"self":[{"href":"https:\/\/sertv.gob.pa\/nacionalfm\/wp-json\/wp\/v2\/posts\/6828","targetHints":{"allow":["GET"]}}],"collection":[{"href":"https:\/\/sertv.gob.pa\/nacionalfm\/wp-json\/wp\/v2\/posts"}],"about":[{"href":"https:\/\/sertv.gob.pa\/nacionalfm\/wp-json\/wp\/v2\/types\/post"}],"author":[{"embeddable":true,"href":"https:\/\/sertv.gob.pa\/nacionalfm\/wp-json\/wp\/v2\/users\/1"}],"replies":[{"embeddable":true,"href":"https:\/\/sertv.gob.pa\/nacionalfm\/wp-json\/wp\/v2\/comments?post=6828"}],"version-history":[{"count":0,"href":"https:\/\/sertv.gob.pa\/nacionalfm\/wp-json\/wp\/v2\/posts\/6828\/revisions"}],"wp:featuredmedia":[{"embeddable":true,"href":"https:\/\/sertv.gob.pa\/nacionalfm\/wp-json\/wp\/v2\/media\/6829"}],"wp:attachment":[{"href":"https:\/\/sertv.gob.pa\/nacionalfm\/wp-json\/wp\/v2\/media?parent=6828"}],"wp:term":[{"taxonomy":"category","embeddable":true,"href":"https:\/\/sertv.gob.pa\/nacionalfm\/wp-json\/wp\/v2\/categories?post=6828"},{"taxonomy":"post_tag","embeddable":true,"href":"https:\/\/sertv.gob.pa\/nacionalfm\/wp-json\/wp\/v2\/tags?post=6828"}],"curies":[{"name":"wp","href":"https:\/\/api.w.org\/{rel}","templated":true}]}}