{"id":68290,"date":"2021-05-03T16:44:53","date_gmt":"2021-05-03T16:44:53","guid":{"rendered":"https:\/\/sertv.gob.pa\/nacionalfm\/?p=68290"},"modified":"2021-05-03T16:44:53","modified_gmt":"2021-05-03T16:44:53","slug":"al-menos-16-muertos-en-las-protestas-de-colombia-segun-la-defensoria-del-pueblo","status":"publish","type":"post","link":"https:\/\/sertv.gob.pa\/nacionalfm\/al-menos-16-muertos-en-las-protestas-de-colombia-segun-la-defensoria-del-pueblo\/","title":{"rendered":"Al menos 16 muertos en las protestas de Colombia, seg\u00fan la Defensor\u00eda del Pueblo"},"content":{"rendered":"<p>&nbsp;<\/p>\n<p><strong><em>Bogot\u00e1, (EFE).- <\/em><\/strong><\/p>\n<p>&nbsp;<\/p>\n<p>Las protestas y des\u00f3rdenes de los \u00faltimos seis d\u00edas en Colombia en contra del cuestionado proyecto de reforma tributaria, ya retirado por el Gobierno, dejan al menos 16 muertos y m\u00e1s de 700 heridos, inform\u00f3 este lunes la Defensor\u00eda del Pueblo.<\/p>\n<p>Seg\u00fan datos de la instituci\u00f3n, que no dio detalles sobre la identidad de las v\u00edctimas ni las circunstancias de las muertes, en las agitadas jornadas tambi\u00e9n \u00abhan resultado heridos 254 civiles y 457 polic\u00edas\u00bb, pero otras fuentes dan cifras mayores tanto de fallecidos como de lesionados.<\/p>\n<p>Las protestas, que contin\u00faan hoy, comenzaron el pasado mi\u00e9rcoles de manera pac\u00edfica en las principales ciudades del pa\u00eds pero los hechos de vandalismo y desmanes en lugares como Cali, Ibagu\u00e9, Medell\u00edn y Bogot\u00e1 han aumentado la tensi\u00f3n social.<\/p>\n<p>El presidente Iv\u00e1n Duque anunci\u00f3 el domingo el retiro del pol\u00e9mico proyecto presentado el 15 de abril por el Ministerio de Hacienda y solicit\u00f3 al Congreso tramitar de manera urgente un nuevo proyecto fruto de los consensos para as\u00ed evitar la incertidumbre financiera.<\/p>\n<p>El Comit\u00e9 promotor de las protestas dio hoy una rueda de prensa en la que la segunda vicepresidenta de la Federaci\u00f3n Colombiana de Trabajadores de la Educaci\u00f3n (Fecode), Martha Alonso, dio unas cifras de fallecidos m\u00e1s altas que las de la Defensor\u00eda.<\/p>\n<p>\u00abAl momento tenemos 1.089 casos de violencia policial, dentro de los cuales hemos podido identificar al menos 124 heridos de violencia\u00bb, expres\u00f3.<\/p>\n<p>Alfonso agreg\u00f3 que durante las manifestaciones han documentado \u00ab726 detenciones arbitrarias, seis hechos de violencia sexual, 27 homicidios, 12 j\u00f3venes han perdido sus ojos\u00bb, y que \u00abm\u00e1s de 45 defensores de derechos humanos se les ha limitado su posibilidad de ejercer ese trabajo\u00bb.<\/p>\n<p>ORGANIZACIONES DENUNCIAN ABUSO POLICIAL<\/p>\n<p>A falta de datos oficiales, la ONG Temblores alert\u00f3 adem\u00e1s que durante los cinco d\u00edas previos de protestas fueron asesinadas 21 personas, 92 fueron v\u00edctimas de violencia f\u00edsica por parte de la fuerza p\u00fablica y otras 672 fueron detenidas arbitrariamente.<\/p>\n<p>La organizaci\u00f3n investiga la muerte de ocho manifestantes presuntamente atacados por polic\u00edas y documenta cuatro denuncias de violencia sexual por los que son se\u00f1alados miembros de la fuerza p\u00fablica.<\/p>\n<p>Sobre esas denuncias, el director de la Polic\u00eda, mayor general Jorge Luis Vargas, asegur\u00f3 hoy en una rueda de prensa que hay 26 investigaciones preliminares con las que se pretende aclarar las circunstancias de los homicidios y las agresiones f\u00edsicas, as\u00ed como determinar si en esos casos los uniformados de la instituci\u00f3n han tenido alguna responsabilidad.<\/p>\n<p>En esa misma intervenci\u00f3n, el ministro de Defensa, Diego Molano, eludi\u00f3 dar detalles sobre las muertes pues seg\u00fan dijo, \u00abdebe ser la Fiscal\u00eda General la que determine como autoridad responsable y competente cu\u00e1les de las v\u00edctimas de estos d\u00edas est\u00e1n asociadas espec\u00edficamente\u00bb a las protestas.<\/p>\n<p>\u00abLamentamos la muerte de todas las personas que han estado en estas manifestaciones y que por producto de la acci\u00f3n criminal de los v\u00e1ndalos han perdido su vida\u00bb, dijo el ministro.<\/p>\n<p>\u00abColombia enfrenta una amenaza terrorista, organizaciones criminales est\u00e1n detr\u00e1s de los actos violentos que empa\u00f1an la protesta pac\u00edfica. Se trata de actos premeditados, organizados y financiados por grupos de disidencias de las FARC y el ELN\u00bb, dijo Molano al anunciar que las autoridades han registrado 540 polic\u00edas y 306 civiles heridos durante las protestas.<\/p>\n<p>La alcaldesa de Bogot\u00e1, Claudia L\u00f3pez, asegur\u00f3 hoy por su parte que \u00abtras 5 d\u00edas de protestas mayoritariamente pac\u00edficas, no hemos tenido ning\u00fan fallecido ni herido por arma de fuego, pero s\u00ed lesionados\u00bb en la ciudad.<\/p>\n<p>La reforma tributaria aumentaba los impuestos mediante la ampliaci\u00f3n de la base tributaria y el cobro del IVA del 19 % a los servicios p\u00fablicos, entre otras cuestionadas medidas.<\/p>\n<p>Con el proyecto el Gobierno aspiraba a recaudar 23,4 billones de pesos (unos 6.302 millones de d\u00f3lares) para mejorar el estado de las finanzas p\u00fabicas y dar continuidad a los programas sociales para los m\u00e1s pobres, cuya demanda ha aumentado con la pandemia de covid-19.<\/p>\n<p>&nbsp;<\/p>\n<p>Fuente: EFE<\/p>\n","protected":false},"excerpt":{"rendered":"<p>&nbsp; Bogot\u00e1, (EFE).- &nbsp; Las protestas y des\u00f3rdenes de los <a href=\"https:\/\/sertv.gob.pa\/nacionalfm\/al-menos-16-muertos-en-las-protestas-de-colombia-segun-la-defensoria-del-pueblo\/\"> [&#8230;]<\/a><\/p>\n","protected":false},"author":9,"featured_media":68291,"comment_status":"closed","ping_status":"closed","sticky":false,"template":"","format":"standard","meta":{"footnotes":""},"categories":[3],"tags":[],"class_list":["post-68290","post","type-post","status-publish","format-standard","has-post-thumbnail","hentry","category-internacionales"],"_links":{"self":[{"href":"https:\/\/sertv.gob.pa\/nacionalfm\/wp-json\/wp\/v2\/posts\/68290","targetHints":{"allow":["GET"]}}],"collection":[{"href":"https:\/\/sertv.gob.pa\/nacionalfm\/wp-json\/wp\/v2\/posts"}],"about":[{"href":"https:\/\/sertv.gob.pa\/nacionalfm\/wp-json\/wp\/v2\/types\/post"}],"author":[{"embeddable":true,"href":"https:\/\/sertv.gob.pa\/nacionalfm\/wp-json\/wp\/v2\/users\/9"}],"replies":[{"embeddable":true,"href":"https:\/\/sertv.gob.pa\/nacionalfm\/wp-json\/wp\/v2\/comments?post=68290"}],"version-history":[{"count":1,"href":"https:\/\/sertv.gob.pa\/nacionalfm\/wp-json\/wp\/v2\/posts\/68290\/revisions"}],"predecessor-version":[{"id":68292,"href":"https:\/\/sertv.gob.pa\/nacionalfm\/wp-json\/wp\/v2\/posts\/68290\/revisions\/68292"}],"wp:featuredmedia":[{"embeddable":true,"href":"https:\/\/sertv.gob.pa\/nacionalfm\/wp-json\/wp\/v2\/media\/68291"}],"wp:attachment":[{"href":"https:\/\/sertv.gob.pa\/nacionalfm\/wp-json\/wp\/v2\/media?parent=68290"}],"wp:term":[{"taxonomy":"category","embeddable":true,"href":"https:\/\/sertv.gob.pa\/nacionalfm\/wp-json\/wp\/v2\/categories?post=68290"},{"taxonomy":"post_tag","embeddable":true,"href":"https:\/\/sertv.gob.pa\/nacionalfm\/wp-json\/wp\/v2\/tags?post=68290"}],"curies":[{"name":"wp","href":"https:\/\/api.w.org\/{rel}","templated":true}]}}